{"id":3374,"date":"2025-12-05T10:04:32","date_gmt":"2025-12-05T16:04:32","guid":{"rendered":"https:\/\/laagendaenred.mx\/?p=3374"},"modified":"2025-12-05T10:06:02","modified_gmt":"2025-12-05T16:06:02","slug":"encuentre-las-diferencias","status":"publish","type":"post","link":"https:\/\/laagendaenred.mx\/?p=3374","title":{"rendered":"ENCUENTRE LAS DIFERENCIAS"},"content":{"rendered":"\t\t<div data-elementor-type=\"wp-post\" data-elementor-id=\"3374\" class=\"elementor elementor-3374\" data-elementor-post-type=\"post\">\n\t\t\t\t<div class=\"elementor-element elementor-element-c5f987e e-flex e-con-boxed e-con e-parent\" data-id=\"c5f987e\" data-element_type=\"container\" data-e-type=\"container\" data-settings=\"{&quot;background_background&quot;:&quot;classic&quot;}\">\n\t\t\t\t\t<div class=\"e-con-inner\">\n\t\t\t\t<div class=\"elementor-element elementor-element-178c5bf1 elementor-widget elementor-widget-theme-post-title elementor-page-title elementor-widget-heading\" data-id=\"178c5bf1\" data-element_type=\"widget\" data-e-type=\"widget\" data-widget_type=\"theme-post-title.default\">\n\t\t\t\t\t<h1 class=\"elementor-heading-title elementor-size-default\">ENCUENTRE LAS DIFERENCIAS<\/h1>\t\t\t\t<\/div>\n\t\t\t\t\t<\/div>\n\t\t\t\t<\/div>\n\t\t<div class=\"elementor-element elementor-element-4a96860b e-flex e-con-boxed e-con e-parent\" data-id=\"4a96860b\" data-element_type=\"container\" data-e-type=\"container\">\n\t\t\t\t\t<div class=\"e-con-inner\">\n\t\t<div class=\"elementor-element elementor-element-49f2f6b2 e-con-full e-flex e-con e-child\" data-id=\"49f2f6b2\" data-element_type=\"container\" data-e-type=\"container\">\n\t\t\t\t<div class=\"elementor-element elementor-element-3fd04c50 elementor-align-left elementor-widget elementor-widget-post-info\" data-id=\"3fd04c50\" data-element_type=\"widget\" data-e-type=\"widget\" data-widget_type=\"post-info.default\">\n\t\t\t\t\t\t\t<ul class=\"elementor-inline-items elementor-icon-list-items elementor-post-info\">\n\t\t\t\t\t\t\t\t<li class=\"elementor-icon-list-item elementor-repeater-item-fde9fb9 elementor-inline-item\" itemprop=\"datePublished\">\n\t\t\t\t\t\t<a href=\"https:\/\/laagendaenred.mx\/?m=20251205\">\n\t\t\t\t\t\t\t\t\t\t\t\t\t\t<span class=\"elementor-icon-list-text elementor-post-info__item elementor-post-info__item--type-date\">\n\t\t\t\t\t\t\t\t\t\t<time>diciembre 5, 2025<\/time>\t\t\t\t\t<\/span>\n\t\t\t\t\t\t\t\t\t<\/a>\n\t\t\t\t<\/li>\n\t\t\t\t<li class=\"elementor-icon-list-item elementor-repeater-item-1be1940 elementor-inline-item\">\n\t\t\t\t\t\t\t\t\t\t<span class=\"elementor-icon-list-icon\">\n\t\t\t\t\t\t\t\t<i aria-hidden=\"true\" class=\"far fa-tags\"><\/i>\t\t\t\t\t\t\t<\/span>\n\t\t\t\t\t\t\t\t\t<span class=\"elementor-icon-list-text elementor-post-info__item elementor-post-info__item--type-custom\">\n\t\t\t\t\t\t\t\t\t\tAndr\u00e9s Llanos \t\t\t\t\t<\/span>\n\t\t\t\t\t\t\t\t<\/li>\n\t\t\t\t<\/ul>\n\t\t\t\t\t\t<\/div>\n\t\t\t\t<div class=\"elementor-element elementor-element-770622c2 elementor-widget elementor-widget-theme-post-featured-image elementor-widget-image\" data-id=\"770622c2\" data-element_type=\"widget\" data-e-type=\"widget\" data-widget_type=\"theme-post-featured-image.default\">\n\t\t\t\t\t\t\t\t\t\t\t\t\t\t\t<img fetchpriority=\"high\" decoding=\"async\" width=\"1600\" height=\"1067\" src=\"https:\/\/laagendaenred.mx\/wp-content\/uploads\/2025\/12\/WhatsApp-Image-2025-12-04-at-5.21.35-p.m.jpeg\" class=\"attachment-full size-full wp-image-3349\" alt=\"\" srcset=\"https:\/\/laagendaenred.mx\/wp-content\/uploads\/2025\/12\/WhatsApp-Image-2025-12-04-at-5.21.35-p.m.jpeg 1600w, https:\/\/laagendaenred.mx\/wp-content\/uploads\/2025\/12\/WhatsApp-Image-2025-12-04-at-5.21.35-p.m-300x200.jpeg 300w, https:\/\/laagendaenred.mx\/wp-content\/uploads\/2025\/12\/WhatsApp-Image-2025-12-04-at-5.21.35-p.m-1024x683.jpeg 1024w, https:\/\/laagendaenred.mx\/wp-content\/uploads\/2025\/12\/WhatsApp-Image-2025-12-04-at-5.21.35-p.m-768x512.jpeg 768w, https:\/\/laagendaenred.mx\/wp-content\/uploads\/2025\/12\/WhatsApp-Image-2025-12-04-at-5.21.35-p.m-1536x1024.jpeg 1536w\" sizes=\"(max-width: 1600px) 100vw, 1600px\" \/>\t\t\t\t\t\t\t\t\t\t\t\t\t\t\t<\/div>\n\t\t\t\t<div class=\"elementor-element elementor-element-2fc16873 elementor-widget elementor-widget-text-editor\" data-id=\"2fc16873\" data-element_type=\"widget\" data-e-type=\"widget\" data-widget_type=\"text-editor.default\">\n\t\t\t\t\t\t\t\t\t<p>Episodio uno:<br \/>En el pasado, HACIENDA fustig\u00f3 al cantante Juan Gabriel, por los adeudos en el pago de sus impuestos. Debido a un arreglo, el cantante accedi\u00f3 a apoyar al candidato del PRI en la contienda del a\u00f1o dos mil, al ritmo de \u00abni Temo, ni Chente, Francisco ser\u00e1 presidente\u00bb. Aun as\u00ed, Francisco Labastida carg\u00f3 con la derrota.<\/p><p>Hoy el SAT y el gobierno de la 4T han abierto una guerra contra el empresario Ricardo Salinas Pliego, por los adeudos en el pago de sus impuestos. Solo que en este caso, el due\u00f1o de TV Azteca ha respondido los ataques con igual intensidad y hasta aspirante a la candidatura presidencial result\u00f3, todo en medio de los dimes y diretes.<\/p><p>Episodio dos:<br \/>Circula en redes un video donde Andr\u00e9s Manuel L\u00f3pez Obrador, entonces l\u00edder de la oposici\u00f3n, aseguraba en su discurso, que acudir\u00edan a los organismos internacionales a denunciar los atropellos del gobierno del PRI. Y eso se consideraba un derecho de la lucha democr\u00e1tica.<\/p><p>Ahora que la oposici\u00f3n actual acude a los mismos organismos internacionales a denunciar los atropellos, el gobierno de la 4T se\u00f1ala que eso es traici\u00f3n a la patria.<\/p><p>Episodio tres:<br \/>En el pasado los bloqueos, las marchas, los plantones y los mitines en el z\u00f3calo, a\u00fan con la violencia que los caracterizaba, fueron respetados como mecanismos de presi\u00f3n de la resistencia civil encausada por la oposici\u00f3n.<\/p><p>Ahora, quienes marchan, protestan, bloquean e intentan hacer mitines en el z\u00f3calo, son descalificados, criminalizados, golpeados, encarcelados.<br \/>Se cuestiona desde la ma\u00f1anera, el origen de la protesta, quienes y razones, sin reparar en la validez de las causas que reclaman los colectivos y ciudadanos v\u00edctimas de la violencia, la extorsi\u00f3n, la corrupci\u00f3n, los secuestros, los familiares de desaparecidos o quienes reclaman justicia en casos legales.<\/p><p>El reto:<br \/>Sin duda, los problemas han prevalecido, algunos est\u00e1n agudizados, el gobierno est\u00e1 radicalizado en su verdad y sus datos, ignorando por completo la realidad. <br \/>Y ese entramado, es precisamente, el caldo de cultivo que ha desatado m\u00e1s de un movimiento violento en M\u00e9xico.<\/p><p>La generaci\u00f3n Z y en general la juventud mexicana, en conjunto con los ciudadanos de m\u00e1s de 40 a\u00f1os, los cuales vivieron el terror del r\u00e9gimen priista, su debacle y luego pasaron por la transici\u00f3n trunca encabezada por el PAN; saben que lo que sucede ahora con Morena, es un retroceso al pasado, donde hay que empezar de nuevo.<\/p><p>Primero conteniendo los arrebatos del gobierno, para luego obligarlo a dialogar y sentarse de forma civilizada, con respeto, a hacer acuerdos con la oposici\u00f3n y los ciudadanos que buscan construir el camino hacia la democracia y el progreso.<\/p><p>Volver a los 80s y 90s cuando se ten\u00eda que negociar con el poder del r\u00e9gimen no ser\u00e1 f\u00e1cil, pero la fuerza ciudadana de los nuevos mexicanos y de los veteranos en la batalla c\u00edvica por la justicia y la democracia, saben que es tiempo de empezar, ya.<\/p><p><br \/>VISI\u00d3N DE \u00c1GUILA<\/p><p>De lo peor que la ha pasado a Tabasco, es creer que un pol\u00edtico que se cambia de partido y que fall\u00f3 donde estaba, en el otro va a ser mejor. <br \/>Evaristo Hern\u00e1ndez fue cuestionado como alcalde de Centro por el PRI y con Morena estuvo peor, fue exactamente lo que dijo L\u00f3pez Obrador de \u00e9l. <br \/>Al final de su segundo trienio se invent\u00f3 una patra\u00f1a para desviar la atenci\u00f3n y no responder por sus actos de corrupci\u00f3n. <br \/>Ahora que ha anunciado su paso al PVEM para competir por la alcald\u00eda de Centro. \u00bfQui\u00e9n creer\u00e1 en sus promesas de cambio? <br \/>El partido Verde que nada tiene de ecologista y mucho de comparsa.<\/p><p>VISI\u00d3N DE LINCE<br \/>El colmo, el PAN Tabasco no asisti\u00f3 a la convenci\u00f3n nacional del fin de semana, por fallas t\u00e9cnicas y de organizaci\u00f3n. Sin embargo, su dirigente Kathia Bolio apareci\u00f3 en las fotos con la delegaci\u00f3n de Yucat\u00e1n, lo que demuestra donde est\u00e1n sus intereses.<\/p><p>VISI\u00d3N DE B\u00daHO<br \/>La llegada de Ernestina Godoy a la Fiscalia General de la Rep\u00fablica, es un mensaje preocupante, porque pone la aplicaci\u00f3n de la justicia, al servicio de la pol\u00edtica del grupo gobernante.<\/p>\t\t\t\t\t\t\t\t<\/div>\n\t\t\t\t<\/div>\n\t\t<div class=\"elementor-element elementor-element-6aef3576 e-con-full e-flex e-con e-child\" data-id=\"6aef3576\" data-element_type=\"container\" data-e-type=\"container\">\n\t\t\t\t<div class=\"elementor-element elementor-element-76adc36d elementor-widget elementor-widget-heading\" data-id=\"76adc36d\" data-element_type=\"widget\" data-e-type=\"widget\" data-widget_type=\"heading.default\">\n\t\t\t\t\t<h2 class=\"elementor-heading-title elementor-size-default\">Te puede interesar:<\/h2>\t\t\t\t<\/div>\n\t\t\t\t<div class=\"elementor-element elementor-element-1b44c52c elementor-grid-1 elementor-posts--thumbnail-left elementor-grid-tablet-2 elementor-grid-mobile-1 elementor-widget elementor-widget-posts\" data-id=\"1b44c52c\" data-element_type=\"widget\" data-e-type=\"widget\" data-settings=\"{&quot;classic_columns&quot;:&quot;1&quot;,&quot;classic_columns_tablet&quot;:&quot;2&quot;,&quot;classic_columns_mobile&quot;:&quot;1&quot;,&quot;classic_row_gap&quot;:{&quot;unit&quot;:&quot;px&quot;,&quot;size&quot;:35,&quot;sizes&quot;:[]},&quot;classic_row_gap_tablet&quot;:{&quot;unit&quot;:&quot;px&quot;,&quot;size&quot;:&quot;&quot;,&quot;sizes&quot;:[]},&quot;classic_row_gap_mobile&quot;:{&quot;unit&quot;:&quot;px&quot;,&quot;size&quot;:&quot;&quot;,&quot;sizes&quot;:[]}}\" data-widget_type=\"posts.classic\">\n\t\t\t\t<div class=\"elementor-widget-container\">\n\t\t\t\t\t\t\t<div class=\"elementor-posts-container elementor-posts elementor-posts--skin-classic elementor-grid\" role=\"list\">\n\t\t\t\t<article class=\"elementor-post elementor-grid-item post-7172 post type-post status-publish format-standard has-post-thumbnail hentry category-columna\" role=\"listitem\">\n\t\t\t\t<a class=\"elementor-post__thumbnail__link\" href=\"https:\/\/laagendaenred.mx\/?p=7172\" tabindex=\"-1\" >\n\t\t\t<div class=\"elementor-post__thumbnail\"><img decoding=\"async\" width=\"300\" height=\"225\" src=\"https:\/\/laagendaenred.mx\/wp-content\/uploads\/2026\/04\/WhatsApp-Image-2026-04-22-at-8.46.18-p.m-300x225.jpeg\" class=\"attachment-medium size-medium wp-image-7173\" alt=\"\" srcset=\"https:\/\/laagendaenred.mx\/wp-content\/uploads\/2026\/04\/WhatsApp-Image-2026-04-22-at-8.46.18-p.m-300x225.jpeg 300w, https:\/\/laagendaenred.mx\/wp-content\/uploads\/2026\/04\/WhatsApp-Image-2026-04-22-at-8.46.18-p.m.jpeg 650w\" sizes=\"(max-width: 300px) 100vw, 300px\" \/><\/div>\n\t\t<\/a>\n\t\t\t\t<div class=\"elementor-post__text\">\n\t\t\t\t<h3 class=\"elementor-post__title\">\n\t\t\t<a href=\"https:\/\/laagendaenred.mx\/?p=7172\" >\n\t\t\t\tEl efectivo bajo amenaza: una medida cr\u00edtica y anticonstitucional\t\t\t<\/a>\n\t\t<\/h3>\n\t\t\t\t<div class=\"elementor-post__excerpt\">\n\t\t\t<p>La reciente intenci\u00f3n del gobierno de imponer el pago obligatorio con tarjeta en gasolineras y casetas de peaje abre un debate jur\u00eddico y ciudadano de gran calado&#8230;<\/p>\n\t\t<\/div>\n\t\t\t\t<\/div>\n\t\t\t\t<\/article>\n\t\t\t\t<article class=\"elementor-post elementor-grid-item post-7157 post type-post status-publish format-standard has-post-thumbnail hentry category-opinion\" role=\"listitem\">\n\t\t\t\t<a class=\"elementor-post__thumbnail__link\" href=\"https:\/\/laagendaenred.mx\/?p=7157\" tabindex=\"-1\" >\n\t\t\t<div class=\"elementor-post__thumbnail\"><img decoding=\"async\" width=\"300\" height=\"200\" src=\"https:\/\/laagendaenred.mx\/wp-content\/uploads\/2026\/04\/WhatsApp-Image-2026-04-09-at-8.03.24-p.m-300x200.jpeg\" class=\"attachment-medium size-medium wp-image-7158\" alt=\"\" srcset=\"https:\/\/laagendaenred.mx\/wp-content\/uploads\/2026\/04\/WhatsApp-Image-2026-04-09-at-8.03.24-p.m-300x200.jpeg 300w, https:\/\/laagendaenred.mx\/wp-content\/uploads\/2026\/04\/WhatsApp-Image-2026-04-09-at-8.03.24-p.m-768x513.jpeg 768w, https:\/\/laagendaenred.mx\/wp-content\/uploads\/2026\/04\/WhatsApp-Image-2026-04-09-at-8.03.24-p.m.jpeg 956w\" sizes=\"(max-width: 300px) 100vw, 300px\" \/><\/div>\n\t\t<\/a>\n\t\t\t\t<div class=\"elementor-post__text\">\n\t\t\t\t<h3 class=\"elementor-post__title\">\n\t\t\t<a href=\"https:\/\/laagendaenred.mx\/?p=7157\" >\n\t\t\t\tEnerg\u00eda solar en las escuelas p\u00fablicas: la inversi\u00f3n del futuro.\t\t\t<\/a>\n\t\t<\/h3>\n\t\t\t\t<div class=\"elementor-post__excerpt\">\n\t\t\t<p>La transici\u00f3n energ\u00e9tica no es un lujo, es una urgencia. M\u00e9xico sigue dependiendo del petr\u00f3leo y de tarifas el\u00e9ctricas cada vez m\u00e1s altas&#8230;<\/p>\n\t\t<\/div>\n\t\t\t\t<\/div>\n\t\t\t\t<\/article>\n\t\t\t\t<\/div>\n\t\t\n\t\t\t\t\t\t<\/div>\n\t\t\t\t<\/div>\n\t\t<div class=\"elementor-element elementor-element-22d7a461 e-con-full e-flex e-con e-child\" data-id=\"22d7a461\" data-element_type=\"container\" data-e-type=\"container\" data-settings=\"{&quot;background_background&quot;:&quot;classic&quot;}\">\n\t\t\t\t<div class=\"elementor-element elementor-element-7fc17c4b elementor-widget elementor-widget-heading\" data-id=\"7fc17c4b\" data-element_type=\"widget\" data-e-type=\"widget\" data-widget_type=\"heading.default\">\n\t\t\t\t\t<h3 class=\"elementor-heading-title elementor-size-default\">Escr\u00edbenos<\/h3>\t\t\t\t<\/div>\n\t\t\t\t<div class=\"elementor-element elementor-element-46abae0d elementor-button-align-end elementor-widget elementor-widget-form\" data-id=\"46abae0d\" data-element_type=\"widget\" data-e-type=\"widget\" data-settings=\"{&quot;step_next_label&quot;:&quot;Next&quot;,&quot;step_previous_label&quot;:&quot;Previous&quot;,&quot;button_width&quot;:&quot;100&quot;,&quot;step_type&quot;:&quot;number_text&quot;,&quot;step_icon_shape&quot;:&quot;circle&quot;}\" data-widget_type=\"form.default\">\n\t\t\t\t\t\t\t<form class=\"elementor-form\" method=\"post\" name=\"New Form\" aria-label=\"New Form\">\n\t\t\t<input type=\"hidden\" name=\"post_id\" value=\"3374\"\/>\n\t\t\t<input type=\"hidden\" name=\"form_id\" value=\"46abae0d\"\/>\n\t\t\t<input type=\"hidden\" name=\"referer_title\" value=\"ENCUENTRE LAS DIFERENCIAS\" \/>\n\n\t\t\t\t\t\t\t<input type=\"hidden\" name=\"queried_id\" value=\"3374\"\/>\n\t\t\t\n\t\t\t<div class=\"elementor-form-fields-wrapper elementor-labels-\">\n\t\t\t\t\t\t\t\t<div class=\"elementor-field-type-text elementor-field-group elementor-column elementor-field-group-name elementor-col-100\">\n\t\t\t\t\t\t\t\t\t\t\t\t<label for=\"form-field-name\" class=\"elementor-field-label elementor-screen-only\">\n\t\t\t\t\t\t\t\tNombre\t\t\t\t\t\t\t<\/label>\n\t\t\t\t\t\t\t\t\t\t\t\t\t\t<input size=\"1\" type=\"text\" name=\"form_fields[name]\" id=\"form-field-name\" class=\"elementor-field elementor-size-sm  elementor-field-textual\" placeholder=\"Nombre\">\n\t\t\t\t\t\t\t\t\t\t\t<\/div>\n\t\t\t\t\t\t\t\t<div class=\"elementor-field-type-email elementor-field-group elementor-column elementor-field-group-field_1 elementor-col-100 elementor-field-required\">\n\t\t\t\t\t\t\t\t\t\t\t\t<label for=\"form-field-field_1\" class=\"elementor-field-label elementor-screen-only\">\n\t\t\t\t\t\t\t\tEmail\t\t\t\t\t\t\t<\/label>\n\t\t\t\t\t\t\t\t\t\t\t\t\t\t<input size=\"1\" type=\"email\" name=\"form_fields[field_1]\" id=\"form-field-field_1\" class=\"elementor-field elementor-size-sm  elementor-field-textual\" placeholder=\"Email\" required=\"required\">\n\t\t\t\t\t\t\t\t\t\t\t<\/div>\n\t\t\t\t\t\t\t\t<div class=\"elementor-field-type-textarea elementor-field-group elementor-column elementor-field-group-field_f30b564 elementor-col-100\">\n\t\t\t\t\t\t\t\t\t\t\t\t<label for=\"form-field-field_f30b564\" class=\"elementor-field-label elementor-screen-only\">\n\t\t\t\t\t\t\t\tMensaje\t\t\t\t\t\t\t<\/label>\n\t\t\t\t\t\t<textarea class=\"elementor-field-textual elementor-field  elementor-size-sm\" name=\"form_fields[field_f30b564]\" id=\"form-field-field_f30b564\" rows=\"4\" placeholder=\"Mensaje\"><\/textarea>\t\t\t\t<\/div>\n\t\t\t\t\t\t\t\t<div class=\"elementor-field-group elementor-column elementor-field-type-submit elementor-col-100 e-form__buttons\">\n\t\t\t\t\t<button class=\"elementor-button elementor-size-sm\" type=\"submit\">\n\t\t\t\t\t\t<span class=\"elementor-button-content-wrapper\">\n\t\t\t\t\t\t\t\t\t\t\t\t\t\t\t<span class=\"elementor-button-icon\">\n\t\t\t\t\t\t\t\t\t<svg aria-hidden=\"true\" class=\"e-font-icon-svg e-fas-long-arrow-alt-right\" viewBox=\"0 0 448 512\" xmlns=\"http:\/\/www.w3.org\/2000\/svg\"><path d=\"M313.941 216H12c-6.627 0-12 5.373-12 12v56c0 6.627 5.373 12 12 12h301.941v46.059c0 21.382 25.851 32.09 40.971 16.971l86.059-86.059c9.373-9.373 9.373-24.569 0-33.941l-86.059-86.059c-15.119-15.119-40.971-4.411-40.971 16.971V216z\"><\/path><\/svg>\t\t\t\t\t\t\t\t\t\t\t\t\t\t\t\t\t<\/span>\n\t\t\t\t\t\t\t\t\t\t\t\t\t\t\t\t\t\t\t\t\t\t<span class=\"elementor-button-text\">Enviar<\/span>\n\t\t\t\t\t\t\t\t\t\t\t\t\t<\/span>\n\t\t\t\t\t<\/button>\n\t\t\t\t<\/div>\n\t\t\t<\/div>\n\t\t<\/form>\n\t\t\t\t\t\t<\/div>\n\t\t\t\t<\/div>\n\t\t\t\t<\/div>\n\t\t\t\t\t<\/div>\n\t\t\t\t<\/div>\n\t\t<div class=\"elementor-element elementor-element-5d03470f e-flex e-con-boxed e-con e-parent\" data-id=\"5d03470f\" data-element_type=\"container\" data-e-type=\"container\">\n\t\t\t\t\t<div class=\"e-con-inner\">\n\t\t\t\t<div class=\"elementor-element elementor-element-703c9f64 elementor-post-navigation-borders-yes elementor-widget elementor-widget-post-navigation\" data-id=\"703c9f64\" data-element_type=\"widget\" data-e-type=\"widget\" data-widget_type=\"post-navigation.default\">\n\t\t\t\t\t\t\t<div class=\"elementor-post-navigation\" role=\"navigation\" aria-label=\"Navegaci\u00f3n de la entrada\">\n\t\t\t<div class=\"elementor-post-navigation__prev elementor-post-navigation__link\">\n\t\t\t\t<a href=\"https:\/\/laagendaenred.mx\/?p=7147\" rel=\"prev\"><span class=\"post-navigation__arrow-wrapper post-navigation__arrow-prev\"><svg aria-hidden=\"true\" class=\"e-font-icon-svg e-fas-angle-left\" viewBox=\"0 0 256 512\" xmlns=\"http:\/\/www.w3.org\/2000\/svg\"><path d=\"M31.7 239l136-136c9.4-9.4 24.6-9.4 33.9 0l22.6 22.6c9.4 9.4 9.4 24.6 0 33.9L127.9 256l96.4 96.4c9.4 9.4 9.4 24.6 0 33.9L201.7 409c-9.4 9.4-24.6 9.4-33.9 0l-136-136c-9.5-9.4-9.5-24.6-.1-34z\"><\/path><\/svg><span class=\"elementor-screen-only\">Ant<\/span><\/span><span class=\"elementor-post-navigation__link__prev\"><span class=\"post-navigation__prev--label\">Previous<\/span><span class=\"post-navigation__prev--title\">Con Morena vivimos la austeridad m\u00e1s cara de la historia<\/span><\/span><\/a>\t\t\t<\/div>\n\t\t\t\t\t\t\t<div class=\"elementor-post-navigation__separator-wrapper\">\n\t\t\t\t\t<div class=\"elementor-post-navigation__separator\"><\/div>\n\t\t\t\t<\/div>\n\t\t\t\t\t\t<div class=\"elementor-post-navigation__next elementor-post-navigation__link\">\n\t\t\t\t<a href=\"https:\/\/laagendaenred.mx\/?p=7172\" rel=\"next\"><span class=\"elementor-post-navigation__link__next\"><span class=\"post-navigation__next--label\">Next<\/span><span class=\"post-navigation__next--title\">El efectivo bajo amenaza: una medida cr\u00edtica y anticonstitucional<\/span><\/span><span class=\"post-navigation__arrow-wrapper post-navigation__arrow-next\"><svg aria-hidden=\"true\" class=\"e-font-icon-svg e-fas-angle-right\" viewBox=\"0 0 256 512\" xmlns=\"http:\/\/www.w3.org\/2000\/svg\"><path d=\"M224.3 273l-136 136c-9.4 9.4-24.6 9.4-33.9 0l-22.6-22.6c-9.4-9.4-9.4-24.6 0-33.9l96.4-96.4-96.4-96.4c-9.4-9.4-9.4-24.6 0-33.9L54.3 103c9.4-9.4 24.6-9.4 33.9 0l136 136c9.5 9.4 9.5 24.6.1 34z\"><\/path><\/svg><span class=\"elementor-screen-only\">Siguiente<\/span><\/span><\/a>\t\t\t<\/div>\n\t\t<\/div>\n\t\t\t\t\t\t<\/div>\n\t\t\t\t\t<\/div>\n\t\t\t\t<\/div>\n\t\t\t\t<\/div>\n\t\t","protected":false},"excerpt":{"rendered":"<p>Episodio uno:En el pasado, HACIENDA fustig\u00f3 al cantante Juan Gabriel, por los adeudos en el pago de sus impuestos. Debido a un arreglo, el cantante accedi\u00f3 a apoyar al candidato del PRI en la contienda del a\u00f1o dos mil, al ritmo de \u00abni Temo, ni Chente, Francisco ser\u00e1 presidente\u00bb. Aun as\u00ed, Francisco Labastida carg\u00f3 con [&hellip;]<\/p>\n","protected":false},"author":1,"featured_media":3349,"comment_status":"open","ping_status":"closed","sticky":false,"template":"elementor_header_footer","format":"standard","meta":{"footnotes":""},"categories":[16],"tags":[],"ppma_author":[10],"class_list":["post-3374","post","type-post","status-publish","format-standard","has-post-thumbnail","hentry","category-opinion"],"authors":[{"term_id":10,"user_id":1,"is_guest":0,"slug":"admin","display_name":"Humberto Iduarte","avatar_url":{"url":"https:\/\/laagendaenred.mx\/wp-content\/uploads\/2025\/10\/Humber-Iduarte.jpeg","url2x":"https:\/\/laagendaenred.mx\/wp-content\/uploads\/2025\/10\/Humber-Iduarte.jpeg"},"0":null,"1":"","2":"","3":"","4":"","5":"","6":"","7":"","8":""}],"_links":{"self":[{"href":"https:\/\/laagendaenred.mx\/index.php?rest_route=\/wp\/v2\/posts\/3374","targetHints":{"allow":["GET"]}}],"collection":[{"href":"https:\/\/laagendaenred.mx\/index.php?rest_route=\/wp\/v2\/posts"}],"about":[{"href":"https:\/\/laagendaenred.mx\/index.php?rest_route=\/wp\/v2\/types\/post"}],"author":[{"embeddable":true,"href":"https:\/\/laagendaenred.mx\/index.php?rest_route=\/wp\/v2\/users\/1"}],"replies":[{"embeddable":true,"href":"https:\/\/laagendaenred.mx\/index.php?rest_route=%2Fwp%2Fv2%2Fcomments&post=3374"}],"version-history":[{"count":4,"href":"https:\/\/laagendaenred.mx\/index.php?rest_route=\/wp\/v2\/posts\/3374\/revisions"}],"predecessor-version":[{"id":3379,"href":"https:\/\/laagendaenred.mx\/index.php?rest_route=\/wp\/v2\/posts\/3374\/revisions\/3379"}],"wp:featuredmedia":[{"embeddable":true,"href":"https:\/\/laagendaenred.mx\/index.php?rest_route=\/wp\/v2\/media\/3349"}],"wp:attachment":[{"href":"https:\/\/laagendaenred.mx\/index.php?rest_route=%2Fwp%2Fv2%2Fmedia&parent=3374"}],"wp:term":[{"taxonomy":"category","embeddable":true,"href":"https:\/\/laagendaenred.mx\/index.php?rest_route=%2Fwp%2Fv2%2Fcategories&post=3374"},{"taxonomy":"post_tag","embeddable":true,"href":"https:\/\/laagendaenred.mx\/index.php?rest_route=%2Fwp%2Fv2%2Ftags&post=3374"},{"taxonomy":"author","embeddable":true,"href":"https:\/\/laagendaenred.mx\/index.php?rest_route=%2Fwp%2Fv2%2Fppma_author&post=3374"}],"curies":[{"name":"wp","href":"https:\/\/api.w.org\/{rel}","templated":true}]}}