{"id":3383,"date":"2025-12-05T10:07:18","date_gmt":"2025-12-05T16:07:18","guid":{"rendered":"https:\/\/laagendaenred.mx\/?p=3383"},"modified":"2025-12-05T10:09:59","modified_gmt":"2025-12-05T16:09:59","slug":"el-ultimo-paso-de-chicharito-hernandez-por-chivas-afecta-su-legado","status":"publish","type":"post","link":"https:\/\/laagendaenred.mx\/?p=3383","title":{"rendered":"El \u00faltimo paso de Chicharito Hern\u00e1ndez por Chivas, \u00bfafecta su legado?"},"content":{"rendered":"\t\t<div data-elementor-type=\"wp-post\" data-elementor-id=\"3383\" class=\"elementor elementor-3383\" data-elementor-post-type=\"post\">\n\t\t\t\t<div class=\"elementor-element elementor-element-25c45c99 e-flex e-con-boxed e-con e-parent\" data-id=\"25c45c99\" data-element_type=\"container\" data-e-type=\"container\" data-settings=\"{&quot;background_background&quot;:&quot;classic&quot;}\">\n\t\t\t\t\t<div class=\"e-con-inner\">\n\t\t\t\t<div class=\"elementor-element elementor-element-c390e5a elementor-widget elementor-widget-theme-post-title elementor-page-title elementor-widget-heading\" data-id=\"c390e5a\" data-element_type=\"widget\" data-e-type=\"widget\" data-widget_type=\"theme-post-title.default\">\n\t\t\t\t\t<h1 class=\"elementor-heading-title elementor-size-default\">El \u00faltimo paso de Chicharito Hern\u00e1ndez por Chivas, \u00bfafecta su legado?<\/h1>\t\t\t\t<\/div>\n\t\t\t\t\t<\/div>\n\t\t\t\t<\/div>\n\t\t<div class=\"elementor-element elementor-element-1f868ab0 e-flex e-con-boxed e-con e-parent\" data-id=\"1f868ab0\" data-element_type=\"container\" data-e-type=\"container\">\n\t\t\t\t\t<div class=\"e-con-inner\">\n\t\t<div class=\"elementor-element elementor-element-3a951b62 e-con-full e-flex e-con e-child\" data-id=\"3a951b62\" data-element_type=\"container\" data-e-type=\"container\">\n\t\t\t\t<div class=\"elementor-element elementor-element-48bec2c7 elementor-align-left elementor-widget elementor-widget-post-info\" data-id=\"48bec2c7\" data-element_type=\"widget\" data-e-type=\"widget\" data-widget_type=\"post-info.default\">\n\t\t\t\t\t\t\t<ul class=\"elementor-inline-items elementor-icon-list-items elementor-post-info\">\n\t\t\t\t\t\t\t\t<li class=\"elementor-icon-list-item elementor-repeater-item-fde9fb9 elementor-inline-item\" itemprop=\"datePublished\">\n\t\t\t\t\t\t<a href=\"https:\/\/laagendaenred.mx\/?m=20251205\">\n\t\t\t\t\t\t\t\t\t\t\t\t\t\t<span class=\"elementor-icon-list-text elementor-post-info__item elementor-post-info__item--type-date\">\n\t\t\t\t\t\t\t\t\t\t<time>diciembre 5, 2025<\/time>\t\t\t\t\t<\/span>\n\t\t\t\t\t\t\t\t\t<\/a>\n\t\t\t\t<\/li>\n\t\t\t\t<li class=\"elementor-icon-list-item elementor-repeater-item-29cee6d elementor-inline-item\">\n\t\t\t\t\t\t\t\t\t\t<span class=\"elementor-icon-list-icon\">\n\t\t\t\t\t\t\t\t<i aria-hidden=\"true\" class=\"far fa-tags\"><\/i>\t\t\t\t\t\t\t<\/span>\n\t\t\t\t\t\t\t\t\t<span class=\"elementor-icon-list-text elementor-post-info__item elementor-post-info__item--type-custom\">\n\t\t\t\t\t\t\t\t\t\tHugo Enrique Yduarte \t\t\t\t\t<\/span>\n\t\t\t\t\t\t\t\t<\/li>\n\t\t\t\t<\/ul>\n\t\t\t\t\t\t<\/div>\n\t\t\t\t<div class=\"elementor-element elementor-element-7d29181e elementor-widget elementor-widget-theme-post-featured-image elementor-widget-image\" data-id=\"7d29181e\" data-element_type=\"widget\" data-e-type=\"widget\" data-widget_type=\"theme-post-featured-image.default\">\n\t\t\t\t\t\t\t\t\t\t\t\t\t\t\t<img fetchpriority=\"high\" decoding=\"async\" width=\"1280\" height=\"720\" src=\"https:\/\/laagendaenred.mx\/wp-content\/uploads\/2025\/12\/WhatsApp-Image-2025-12-05-at-2.05.12-a.m.jpeg\" class=\"attachment-full size-full wp-image-3352\" alt=\"\" srcset=\"https:\/\/laagendaenred.mx\/wp-content\/uploads\/2025\/12\/WhatsApp-Image-2025-12-05-at-2.05.12-a.m.jpeg 1280w, https:\/\/laagendaenred.mx\/wp-content\/uploads\/2025\/12\/WhatsApp-Image-2025-12-05-at-2.05.12-a.m-300x169.jpeg 300w, https:\/\/laagendaenred.mx\/wp-content\/uploads\/2025\/12\/WhatsApp-Image-2025-12-05-at-2.05.12-a.m-1024x576.jpeg 1024w, https:\/\/laagendaenred.mx\/wp-content\/uploads\/2025\/12\/WhatsApp-Image-2025-12-05-at-2.05.12-a.m-768x432.jpeg 768w\" sizes=\"(max-width: 1280px) 100vw, 1280px\" \/>\t\t\t\t\t\t\t\t\t\t\t\t\t\t\t<\/div>\n\t\t\t\t<div class=\"elementor-element elementor-element-1c130b96 elementor-widget elementor-widget-text-editor\" data-id=\"1c130b96\" data-element_type=\"widget\" data-e-type=\"widget\" data-widget_type=\"text-editor.default\">\n\t\t\t\t\t\t\t\t\t<p>El penal errado contra Cruz Azul en los cuartos de final del Apertura 2025 fue m\u00e1s que un error deportivo: se convirti\u00f3 en un s\u00edmbolo medi\u00e1tico. Javier Hern\u00e1ndez Balc\u00e1zar, \u201cChicharito\u201d, qued\u00f3 expuesto en un momento decisivo y la pregunta inevitable surgi\u00f3: \u00bflos \u00faltimos a\u00f1os de su carrera afectan el legado de uno de los \u00eddolos m\u00e1s grandes del futbol mexicano?<br \/>Hambre y mentalidad: el sello de su carrera<br \/>La historia de Hern\u00e1ndez nunca se defini\u00f3 por la t\u00e9cnica depurada ni por el control exquisito del bal\u00f3n. Su sello fue la mentalidad. Ten\u00eda hambre, una obsesi\u00f3n por el gol que lo llev\u00f3 a rematar con la nuca, el hombro o cualquier parte del cuerpo. Esa intensidad lo convirti\u00f3 en figura en el Manchester United, en h\u00e9roe ocasional del Real Madrid y en estrella del Bayer Leverkusen.<br \/>En sus inicios con Chivas, cargaba con el peso de su apellido: hijo de Javier Hern\u00e1ndez padre y nieto de Tom\u00e1s Balc\u00e1zar, \u00eddolo del \u201cCampeon\u00edsimo\u201d. No fue el mejor en fuerzas b\u00e1sicas y ni siquiera particip\u00f3 en el Mundial Sub-17 de 2005, ganado por M\u00e9xico. Esa exclusi\u00f3n, sumada a problemas m\u00e9dicos como la anemia, lo forj\u00f3. Debut\u00f3 en Guadalajara y, tras un proceso lento, explot\u00f3 en 2010 con una temporada goleadora que lo llev\u00f3 al Mundial y al fichaje con el Manchester United.<br \/>Manchester United: irrupci\u00f3n y consagraci\u00f3n<br \/>Su llegada a Inglaterra fue hist\u00f3rica: primer mexicano en el club, debut con gol en la Community Shield ante Chelsea y titular en la final de Champions contra el Barcelona. La afici\u00f3n lo bautiz\u00f3 como \u201csuper-sub\u201d y lo convirti\u00f3 en \u00eddolo. Pero la salida de Ferguson y la llegada de Van Gaal marcaron su declive. El fichaje de Van Persie lo releg\u00f3 y termin\u00f3 en pr\u00e9stamo al Real Madrid.<br \/>Real Madrid: un sue\u00f1o breve pero intenso<br \/>El fichaje por el Real Madrid sorprendi\u00f3 a todos. Tras la salida de \u00c1lvaro Morata, se esperaba un delantero de renombre, pero lleg\u00f3 \u201cel suplente del Manchester United\u201d. La prensa lo cuestion\u00f3, incluso se habl\u00f3 de razones pol\u00edticas detr\u00e1s de su llegada. Sin embargo, Javier respondi\u00f3 en la cancha.<br \/>Su debut con doblete ante Deportivo La Coru\u00f1a fue un aviso. Luego llegaron goles importantes, como el anotado ante Celta en un momento clave de la temporada. Pero el instante que defini\u00f3 su paso por el club fue el gol en cuartos de final de Champions contra el Atl\u00e9tico de Madrid: minuto 87, pase de Cristiano Ronaldo y definici\u00f3n que meti\u00f3 al Madrid en semifinales. Ese gol lo convirti\u00f3 en h\u00e9roe ef\u00edmero y le dio un lugar en la memoria de la afici\u00f3n.<br \/>Aun as\u00ed, su rol fue secundario. Compet\u00eda con Benzema y no era considerado titular. La afici\u00f3n lo reconoci\u00f3 por su entrega, pero la directiva no concret\u00f3 la compra definitiva. Regres\u00f3 al United con la sensaci\u00f3n de haber vivido un sue\u00f1o breve, pero intenso: vestir la camiseta blanca y marcar en el escenario m\u00e1s grande.<br \/>Bayer Leverkusen: la mejor etapa de su carrera<br \/>Tras un verano largo, lleg\u00f3 la oportunidad que cambiar\u00eda su carrera: el Bayer Leverkusen lo fich\u00f3 como refuerzo titular. El club buscaba un delantero accesible pero con perfil internacional, y Javier respondi\u00f3 de manera espectacular.<br \/>En su primera temporada anot\u00f3 26 goles en todas las competiciones, convirti\u00e9ndose en la estrella del equipo. Fue nombrado jugador del mes de la Bundesliga en tres ocasiones, algo in\u00e9dito para un mexicano. M\u00e1s all\u00e1 de los n\u00fameros, lo que impresionaba era su nivel colectivo e individual: movilidad constante, definici\u00f3n precisa y liderazgo ofensivo. En Alemania se le ve\u00eda pleno, con confianza y protagonismo.<br \/>La segunda temporada fue m\u00e1s complicada. Los n\u00fameros bajaron, pero no solo los suyos: el equipo entero sufri\u00f3 una ca\u00edda de rendimiento. Aun as\u00ed, Hern\u00e1ndez mantuvo su rol como referente y cerr\u00f3 su etapa con 39 goles en 76 partidos. En un club que no suele tener figuras medi\u00e1ticas, \u00e9l se convirti\u00f3 en \u00eddolo y en s\u00edmbolo de competitividad. Para muchos, fue su mejor versi\u00f3n profesional: regularidad, hambre intacta y reconocimiento internacional.<br \/>West Ham, Sevilla y LA Galaxy: la transici\u00f3n<br \/>El fichaje por West Ham fue visto como un golpe de autoridad: 16 millones de libras por un delantero con experiencia en Manchester, Real Madrid y Leverkusen. La afici\u00f3n \u201chammer\u201d lo recibi\u00f3 con ilusi\u00f3n y su debut con doblete parec\u00eda confirmar las expectativas. Sin embargo, su paso fue irregular. El estilo defensivo del equipo limitaba sus oportunidades, las molestias f\u00edsicas lo frenaban y la competencia interna le restaba minutos. Su momento m\u00e1s recordado fuera de la cancha fue la entrevista con David Faitelson, donde lanz\u00f3 la frase \u201cimaginemos cosas chingonas\u201d, que se convirti\u00f3 en un hito cultural tras la victoria de M\u00e9xico sobre Alemania en Rusia 2018. En lo deportivo, su etapa fue agridulce: flashes de calidad, pero sin continuidad.<br \/>En Sevilla su paso fue fugaz: apenas 15 partidos y tres goles, uno de ellos de tiro libre. La irregularidad y la falta de protagonismo marcaron su estancia. Cinco meses despu\u00e9s, se concretaba su venta al LA Galaxy.<br \/>El salto a la MLS fue medi\u00e1tico. El Galaxy lo fich\u00f3 como el reemplazo de Zlatan Ibrahimovic y como el fichaje m\u00e1s caro en la historia del club. Desde el inicio, la narrativa fue distinta: m\u00e1s que un jugador, era una figura medi\u00e1tica. Su cercan\u00eda con Diego Dreyfus, su \u201ccoach de vida\u201d, comenz\u00f3 a pesar en la percepci\u00f3n p\u00fablica. Ya no era el delantero que viv\u00eda para el gol, sino alguien que priorizaba su vida personal, sus redes sociales y proyectos externos.<br \/>En lo deportivo, su paso fue aceptable: 38 goles en 76 partidos. Fue de menos a m\u00e1s, consolid\u00e1ndose como figura de la MLS y del Galaxy. Pero las cr\u00edticas nunca cesaron: su estado f\u00edsico, su aparente falta de compromiso y la sensaci\u00f3n de que estaba m\u00e1s interesado en el ruido medi\u00e1tico que en la cancha. Una lesi\u00f3n de ligamentos cruzados termin\u00f3 por romper su estad\u00eda en Los \u00c1ngeles. Muchos dudaban si podr\u00eda regresar al m\u00e1ximo nivel.<br \/>El regreso a Chivas: ilusi\u00f3n y golpe de realidad<br \/>La presentaci\u00f3n en Guadalajara fue espectacular: 50 mil aficionados, Amaury Vergara al frente, el hijo pr\u00f3digo de vuelta. Pero la realidad fue dura: apenas cuatro goles, cr\u00edticas por su estado f\u00edsico, m\u00e1s atenci\u00f3n al gaming y a la Kings League que al club, y finalmente el penal fallado contra Cruz Azul. Milito confi\u00f3 en su hombre m\u00e1s experimentado, pero la inseguridad era evidente.<br \/>Ese penal no borra su carrera, pero refleja sus \u00faltimos a\u00f1os: m\u00e1s ruido medi\u00e1tico que impacto deportivo. Chicharito ya no era el delantero hambriento de Leverkusen ni el \u201csuper-sub\u201d del United, sino un jugador que hab\u00eda desplazado su pasi\u00f3n por el futbol hacia otros intereses.<br \/>\u00bfAfecta su legado?<br \/>Su veto a la selecci\u00f3n nacional, a pesar de ser el m\u00e1ximo goleador hist\u00f3rico, marc\u00f3 un antes y un despu\u00e9s en la percepci\u00f3n p\u00fablica. Ya no era solo cuesti\u00f3n de rendimiento en clubes, sino de decisiones personales que lo alejaron del representativo mexicano.<br \/>La respuesta es compleja. Sus \u00faltimos a\u00f1os muestran la fragilidad de las decisiones personales y c\u00f3mo la vida fuera de la cancha puede pesar en la memoria colectiva. Sin embargo, su legado trasciende los errores: m\u00e1ximo goleador hist\u00f3rico de la selecci\u00f3n mexicana, \u00eddolo generacional, ejemplo de perseverancia y pasi\u00f3n.<br \/>Javier Hern\u00e1ndez ser\u00e1 recordado como lo que es: un referente que abri\u00f3 puertas en Europa, que inspir\u00f3 a miles y que demostr\u00f3 que la mentalidad puede superar las limitaciones t\u00e9cnicas. Sus \u00faltimos a\u00f1os no borran lo construido; simplemente muestran que incluso las leyendas son humanas y que el tiempo siempre cobra factura.<\/p>\t\t\t\t\t\t\t\t<\/div>\n\t\t\t\t<\/div>\n\t\t<div class=\"elementor-element elementor-element-20087000 e-con-full e-flex e-con e-child\" data-id=\"20087000\" data-element_type=\"container\" data-e-type=\"container\">\n\t\t\t\t<div class=\"elementor-element elementor-element-26e69b7 elementor-widget elementor-widget-heading\" data-id=\"26e69b7\" data-element_type=\"widget\" data-e-type=\"widget\" data-widget_type=\"heading.default\">\n\t\t\t\t\t<h2 class=\"elementor-heading-title elementor-size-default\">Te puede interesar:<\/h2>\t\t\t\t<\/div>\n\t\t\t\t<div class=\"elementor-element elementor-element-3c0130d elementor-grid-1 elementor-posts--thumbnail-left elementor-grid-tablet-2 elementor-grid-mobile-1 elementor-widget elementor-widget-posts\" data-id=\"3c0130d\" data-element_type=\"widget\" data-e-type=\"widget\" data-settings=\"{&quot;classic_columns&quot;:&quot;1&quot;,&quot;classic_columns_tablet&quot;:&quot;2&quot;,&quot;classic_columns_mobile&quot;:&quot;1&quot;,&quot;classic_row_gap&quot;:{&quot;unit&quot;:&quot;px&quot;,&quot;size&quot;:35,&quot;sizes&quot;:[]},&quot;classic_row_gap_tablet&quot;:{&quot;unit&quot;:&quot;px&quot;,&quot;size&quot;:&quot;&quot;,&quot;sizes&quot;:[]},&quot;classic_row_gap_mobile&quot;:{&quot;unit&quot;:&quot;px&quot;,&quot;size&quot;:&quot;&quot;,&quot;sizes&quot;:[]}}\" data-widget_type=\"posts.classic\">\n\t\t\t\t<div class=\"elementor-widget-container\">\n\t\t\t\t\t\t\t<div class=\"elementor-posts-container elementor-posts elementor-posts--skin-classic elementor-grid\" role=\"list\">\n\t\t\t\t<article class=\"elementor-post elementor-grid-item post-7172 post type-post status-publish format-standard has-post-thumbnail hentry category-columna\" role=\"listitem\">\n\t\t\t\t<a class=\"elementor-post__thumbnail__link\" href=\"https:\/\/laagendaenred.mx\/?p=7172\" tabindex=\"-1\" >\n\t\t\t<div class=\"elementor-post__thumbnail\"><img decoding=\"async\" width=\"300\" height=\"225\" src=\"https:\/\/laagendaenred.mx\/wp-content\/uploads\/2026\/04\/WhatsApp-Image-2026-04-22-at-8.46.18-p.m-300x225.jpeg\" class=\"attachment-medium size-medium wp-image-7173\" alt=\"\" srcset=\"https:\/\/laagendaenred.mx\/wp-content\/uploads\/2026\/04\/WhatsApp-Image-2026-04-22-at-8.46.18-p.m-300x225.jpeg 300w, https:\/\/laagendaenred.mx\/wp-content\/uploads\/2026\/04\/WhatsApp-Image-2026-04-22-at-8.46.18-p.m.jpeg 650w\" sizes=\"(max-width: 300px) 100vw, 300px\" \/><\/div>\n\t\t<\/a>\n\t\t\t\t<div class=\"elementor-post__text\">\n\t\t\t\t<h3 class=\"elementor-post__title\">\n\t\t\t<a href=\"https:\/\/laagendaenred.mx\/?p=7172\" >\n\t\t\t\tEl efectivo bajo amenaza: una medida cr\u00edtica y anticonstitucional\t\t\t<\/a>\n\t\t<\/h3>\n\t\t\t\t<div class=\"elementor-post__excerpt\">\n\t\t\t<p>La reciente intenci\u00f3n del gobierno de imponer el pago obligatorio con tarjeta en gasolineras y casetas de peaje abre un debate jur\u00eddico y ciudadano de gran calado&#8230;<\/p>\n\t\t<\/div>\n\t\t\t\t<\/div>\n\t\t\t\t<\/article>\n\t\t\t\t<article class=\"elementor-post elementor-grid-item post-7157 post type-post status-publish format-standard has-post-thumbnail hentry category-opinion\" role=\"listitem\">\n\t\t\t\t<a class=\"elementor-post__thumbnail__link\" href=\"https:\/\/laagendaenred.mx\/?p=7157\" tabindex=\"-1\" >\n\t\t\t<div class=\"elementor-post__thumbnail\"><img decoding=\"async\" width=\"300\" height=\"200\" src=\"https:\/\/laagendaenred.mx\/wp-content\/uploads\/2026\/04\/WhatsApp-Image-2026-04-09-at-8.03.24-p.m-300x200.jpeg\" class=\"attachment-medium size-medium wp-image-7158\" alt=\"\" srcset=\"https:\/\/laagendaenred.mx\/wp-content\/uploads\/2026\/04\/WhatsApp-Image-2026-04-09-at-8.03.24-p.m-300x200.jpeg 300w, https:\/\/laagendaenred.mx\/wp-content\/uploads\/2026\/04\/WhatsApp-Image-2026-04-09-at-8.03.24-p.m-768x513.jpeg 768w, https:\/\/laagendaenred.mx\/wp-content\/uploads\/2026\/04\/WhatsApp-Image-2026-04-09-at-8.03.24-p.m.jpeg 956w\" sizes=\"(max-width: 300px) 100vw, 300px\" \/><\/div>\n\t\t<\/a>\n\t\t\t\t<div class=\"elementor-post__text\">\n\t\t\t\t<h3 class=\"elementor-post__title\">\n\t\t\t<a href=\"https:\/\/laagendaenred.mx\/?p=7157\" >\n\t\t\t\tEnerg\u00eda solar en las escuelas p\u00fablicas: la inversi\u00f3n del futuro.\t\t\t<\/a>\n\t\t<\/h3>\n\t\t\t\t<div class=\"elementor-post__excerpt\">\n\t\t\t<p>La transici\u00f3n energ\u00e9tica no es un lujo, es una urgencia. M\u00e9xico sigue dependiendo del petr\u00f3leo y de tarifas el\u00e9ctricas cada vez m\u00e1s altas&#8230;<\/p>\n\t\t<\/div>\n\t\t\t\t<\/div>\n\t\t\t\t<\/article>\n\t\t\t\t<\/div>\n\t\t\n\t\t\t\t\t\t<\/div>\n\t\t\t\t<\/div>\n\t\t<div class=\"elementor-element elementor-element-42c71c10 e-con-full e-flex e-con e-child\" data-id=\"42c71c10\" data-element_type=\"container\" data-e-type=\"container\" data-settings=\"{&quot;background_background&quot;:&quot;classic&quot;}\">\n\t\t\t\t<div class=\"elementor-element elementor-element-1cc818c4 elementor-widget elementor-widget-heading\" data-id=\"1cc818c4\" data-element_type=\"widget\" data-e-type=\"widget\" data-widget_type=\"heading.default\">\n\t\t\t\t\t<h3 class=\"elementor-heading-title elementor-size-default\">Escr\u00edbenos<\/h3>\t\t\t\t<\/div>\n\t\t\t\t<div class=\"elementor-element elementor-element-703a0529 elementor-button-align-end elementor-widget elementor-widget-form\" data-id=\"703a0529\" data-element_type=\"widget\" data-e-type=\"widget\" data-settings=\"{&quot;step_next_label&quot;:&quot;Next&quot;,&quot;step_previous_label&quot;:&quot;Previous&quot;,&quot;button_width&quot;:&quot;100&quot;,&quot;step_type&quot;:&quot;number_text&quot;,&quot;step_icon_shape&quot;:&quot;circle&quot;}\" data-widget_type=\"form.default\">\n\t\t\t\t\t\t\t<form class=\"elementor-form\" method=\"post\" name=\"New Form\" aria-label=\"New Form\">\n\t\t\t<input type=\"hidden\" name=\"post_id\" value=\"3383\"\/>\n\t\t\t<input type=\"hidden\" name=\"form_id\" value=\"703a0529\"\/>\n\t\t\t<input type=\"hidden\" name=\"referer_title\" value=\"El \u00faltimo paso de Chicharito Hern\u00e1ndez por Chivas, \u00bfafecta su legado?\" \/>\n\n\t\t\t\t\t\t\t<input type=\"hidden\" name=\"queried_id\" value=\"3383\"\/>\n\t\t\t\n\t\t\t<div class=\"elementor-form-fields-wrapper elementor-labels-\">\n\t\t\t\t\t\t\t\t<div class=\"elementor-field-type-text elementor-field-group elementor-column elementor-field-group-name elementor-col-100\">\n\t\t\t\t\t\t\t\t\t\t\t\t<label for=\"form-field-name\" class=\"elementor-field-label elementor-screen-only\">\n\t\t\t\t\t\t\t\tNombre\t\t\t\t\t\t\t<\/label>\n\t\t\t\t\t\t\t\t\t\t\t\t\t\t<input size=\"1\" type=\"text\" name=\"form_fields[name]\" id=\"form-field-name\" class=\"elementor-field elementor-size-sm  elementor-field-textual\" placeholder=\"Nombre\">\n\t\t\t\t\t\t\t\t\t\t\t<\/div>\n\t\t\t\t\t\t\t\t<div class=\"elementor-field-type-email elementor-field-group elementor-column elementor-field-group-field_1 elementor-col-100 elementor-field-required\">\n\t\t\t\t\t\t\t\t\t\t\t\t<label for=\"form-field-field_1\" class=\"elementor-field-label elementor-screen-only\">\n\t\t\t\t\t\t\t\tEmail\t\t\t\t\t\t\t<\/label>\n\t\t\t\t\t\t\t\t\t\t\t\t\t\t<input size=\"1\" type=\"email\" name=\"form_fields[field_1]\" id=\"form-field-field_1\" class=\"elementor-field elementor-size-sm  elementor-field-textual\" placeholder=\"Email\" required=\"required\">\n\t\t\t\t\t\t\t\t\t\t\t<\/div>\n\t\t\t\t\t\t\t\t<div class=\"elementor-field-type-textarea elementor-field-group elementor-column elementor-field-group-field_f30b564 elementor-col-100\">\n\t\t\t\t\t\t\t\t\t\t\t\t<label for=\"form-field-field_f30b564\" class=\"elementor-field-label elementor-screen-only\">\n\t\t\t\t\t\t\t\tMensaje\t\t\t\t\t\t\t<\/label>\n\t\t\t\t\t\t<textarea class=\"elementor-field-textual elementor-field  elementor-size-sm\" name=\"form_fields[field_f30b564]\" id=\"form-field-field_f30b564\" rows=\"4\" placeholder=\"Mensaje\"><\/textarea>\t\t\t\t<\/div>\n\t\t\t\t\t\t\t\t<div class=\"elementor-field-group elementor-column elementor-field-type-submit elementor-col-100 e-form__buttons\">\n\t\t\t\t\t<button class=\"elementor-button elementor-size-sm\" type=\"submit\">\n\t\t\t\t\t\t<span class=\"elementor-button-content-wrapper\">\n\t\t\t\t\t\t\t\t\t\t\t\t\t\t\t<span class=\"elementor-button-icon\">\n\t\t\t\t\t\t\t\t\t<svg aria-hidden=\"true\" class=\"e-font-icon-svg e-fas-long-arrow-alt-right\" viewBox=\"0 0 448 512\" xmlns=\"http:\/\/www.w3.org\/2000\/svg\"><path d=\"M313.941 216H12c-6.627 0-12 5.373-12 12v56c0 6.627 5.373 12 12 12h301.941v46.059c0 21.382 25.851 32.09 40.971 16.971l86.059-86.059c9.373-9.373 9.373-24.569 0-33.941l-86.059-86.059c-15.119-15.119-40.971-4.411-40.971 16.971V216z\"><\/path><\/svg>\t\t\t\t\t\t\t\t\t\t\t\t\t\t\t\t\t<\/span>\n\t\t\t\t\t\t\t\t\t\t\t\t\t\t\t\t\t\t\t\t\t\t<span class=\"elementor-button-text\">Enviar<\/span>\n\t\t\t\t\t\t\t\t\t\t\t\t\t<\/span>\n\t\t\t\t\t<\/button>\n\t\t\t\t<\/div>\n\t\t\t<\/div>\n\t\t<\/form>\n\t\t\t\t\t\t<\/div>\n\t\t\t\t<\/div>\n\t\t\t\t<\/div>\n\t\t\t\t\t<\/div>\n\t\t\t\t<\/div>\n\t\t<div class=\"elementor-element elementor-element-8c78ed e-flex e-con-boxed e-con e-parent\" data-id=\"8c78ed\" data-element_type=\"container\" data-e-type=\"container\">\n\t\t\t\t\t<div class=\"e-con-inner\">\n\t\t\t\t<div class=\"elementor-element elementor-element-5f26d2ec elementor-post-navigation-borders-yes elementor-widget elementor-widget-post-navigation\" data-id=\"5f26d2ec\" data-element_type=\"widget\" data-e-type=\"widget\" data-widget_type=\"post-navigation.default\">\n\t\t\t\t\t\t\t<div class=\"elementor-post-navigation\" role=\"navigation\" aria-label=\"Navegaci\u00f3n de la entrada\">\n\t\t\t<div class=\"elementor-post-navigation__prev elementor-post-navigation__link\">\n\t\t\t\t<a href=\"https:\/\/laagendaenred.mx\/?p=7147\" rel=\"prev\"><span class=\"post-navigation__arrow-wrapper post-navigation__arrow-prev\"><svg aria-hidden=\"true\" class=\"e-font-icon-svg e-fas-angle-left\" viewBox=\"0 0 256 512\" xmlns=\"http:\/\/www.w3.org\/2000\/svg\"><path d=\"M31.7 239l136-136c9.4-9.4 24.6-9.4 33.9 0l22.6 22.6c9.4 9.4 9.4 24.6 0 33.9L127.9 256l96.4 96.4c9.4 9.4 9.4 24.6 0 33.9L201.7 409c-9.4 9.4-24.6 9.4-33.9 0l-136-136c-9.5-9.4-9.5-24.6-.1-34z\"><\/path><\/svg><span class=\"elementor-screen-only\">Ant<\/span><\/span><span class=\"elementor-post-navigation__link__prev\"><span class=\"post-navigation__prev--label\">Previous<\/span><span class=\"post-navigation__prev--title\">Con Morena vivimos la austeridad m\u00e1s cara de la historia<\/span><\/span><\/a>\t\t\t<\/div>\n\t\t\t\t\t\t\t<div class=\"elementor-post-navigation__separator-wrapper\">\n\t\t\t\t\t<div class=\"elementor-post-navigation__separator\"><\/div>\n\t\t\t\t<\/div>\n\t\t\t\t\t\t<div class=\"elementor-post-navigation__next elementor-post-navigation__link\">\n\t\t\t\t<a href=\"https:\/\/laagendaenred.mx\/?p=7172\" rel=\"next\"><span class=\"elementor-post-navigation__link__next\"><span class=\"post-navigation__next--label\">Next<\/span><span class=\"post-navigation__next--title\">El efectivo bajo amenaza: una medida cr\u00edtica y anticonstitucional<\/span><\/span><span class=\"post-navigation__arrow-wrapper post-navigation__arrow-next\"><svg aria-hidden=\"true\" class=\"e-font-icon-svg e-fas-angle-right\" viewBox=\"0 0 256 512\" xmlns=\"http:\/\/www.w3.org\/2000\/svg\"><path d=\"M224.3 273l-136 136c-9.4 9.4-24.6 9.4-33.9 0l-22.6-22.6c-9.4-9.4-9.4-24.6 0-33.9l96.4-96.4-96.4-96.4c-9.4-9.4-9.4-24.6 0-33.9L54.3 103c9.4-9.4 24.6-9.4 33.9 0l136 136c9.5 9.4 9.5 24.6.1 34z\"><\/path><\/svg><span class=\"elementor-screen-only\">Siguiente<\/span><\/span><\/a>\t\t\t<\/div>\n\t\t<\/div>\n\t\t\t\t\t\t<\/div>\n\t\t\t\t\t<\/div>\n\t\t\t\t<\/div>\n\t\t\t\t<\/div>\n\t\t","protected":false},"excerpt":{"rendered":"<p>El penal errado contra Cruz Azul en los cuartos de final del Apertura 2025 fue m\u00e1s que un error deportivo: se convirti\u00f3 en un s\u00edmbolo medi\u00e1tico. Javier Hern\u00e1ndez Balc\u00e1zar, \u201cChicharito\u201d, qued\u00f3 expuesto en un momento decisivo y la pregunta inevitable surgi\u00f3: \u00bflos \u00faltimos a\u00f1os de su carrera afectan el legado de uno de los \u00eddolos [&hellip;]<\/p>\n","protected":false},"author":1,"featured_media":3352,"comment_status":"open","ping_status":"closed","sticky":false,"template":"elementor_header_footer","format":"standard","meta":{"footnotes":""},"categories":[28],"tags":[],"ppma_author":[10],"class_list":["post-3383","post","type-post","status-publish","format-standard","has-post-thumbnail","hentry","category-deportes"],"authors":[{"term_id":10,"user_id":1,"is_guest":0,"slug":"admin","display_name":"Humberto Iduarte","avatar_url":{"url":"https:\/\/laagendaenred.mx\/wp-content\/uploads\/2025\/10\/Humber-Iduarte.jpeg","url2x":"https:\/\/laagendaenred.mx\/wp-content\/uploads\/2025\/10\/Humber-Iduarte.jpeg"},"0":null,"1":"","2":"","3":"","4":"","5":"","6":"","7":"","8":""}],"_links":{"self":[{"href":"https:\/\/laagendaenred.mx\/index.php?rest_route=\/wp\/v2\/posts\/3383","targetHints":{"allow":["GET"]}}],"collection":[{"href":"https:\/\/laagendaenred.mx\/index.php?rest_route=\/wp\/v2\/posts"}],"about":[{"href":"https:\/\/laagendaenred.mx\/index.php?rest_route=\/wp\/v2\/types\/post"}],"author":[{"embeddable":true,"href":"https:\/\/laagendaenred.mx\/index.php?rest_route=\/wp\/v2\/users\/1"}],"replies":[{"embeddable":true,"href":"https:\/\/laagendaenred.mx\/index.php?rest_route=%2Fwp%2Fv2%2Fcomments&post=3383"}],"version-history":[{"count":4,"href":"https:\/\/laagendaenred.mx\/index.php?rest_route=\/wp\/v2\/posts\/3383\/revisions"}],"predecessor-version":[{"id":3388,"href":"https:\/\/laagendaenred.mx\/index.php?rest_route=\/wp\/v2\/posts\/3383\/revisions\/3388"}],"wp:featuredmedia":[{"embeddable":true,"href":"https:\/\/laagendaenred.mx\/index.php?rest_route=\/wp\/v2\/media\/3352"}],"wp:attachment":[{"href":"https:\/\/laagendaenred.mx\/index.php?rest_route=%2Fwp%2Fv2%2Fmedia&parent=3383"}],"wp:term":[{"taxonomy":"category","embeddable":true,"href":"https:\/\/laagendaenred.mx\/index.php?rest_route=%2Fwp%2Fv2%2Fcategories&post=3383"},{"taxonomy":"post_tag","embeddable":true,"href":"https:\/\/laagendaenred.mx\/index.php?rest_route=%2Fwp%2Fv2%2Ftags&post=3383"},{"taxonomy":"author","embeddable":true,"href":"https:\/\/laagendaenred.mx\/index.php?rest_route=%2Fwp%2Fv2%2Fppma_author&post=3383"}],"curies":[{"name":"wp","href":"https:\/\/api.w.org\/{rel}","templated":true}]}}