{"id":3389,"date":"2025-12-05T10:10:53","date_gmt":"2025-12-05T16:10:53","guid":{"rendered":"https:\/\/laagendaenred.mx\/?p=3389"},"modified":"2025-12-05T10:13:05","modified_gmt":"2025-12-05T16:13:05","slug":"entre-lo-publico-y-lo-privado","status":"publish","type":"post","link":"https:\/\/laagendaenred.mx\/?p=3389","title":{"rendered":"Entre lo P\u00fablico y lo Privado"},"content":{"rendered":"\t\t<div data-elementor-type=\"wp-post\" data-elementor-id=\"3389\" class=\"elementor elementor-3389\" data-elementor-post-type=\"post\">\n\t\t\t\t<div class=\"elementor-element elementor-element-15b4747a e-flex e-con-boxed e-con e-parent\" data-id=\"15b4747a\" data-element_type=\"container\" data-e-type=\"container\" data-settings=\"{&quot;background_background&quot;:&quot;classic&quot;}\">\n\t\t\t\t\t<div class=\"e-con-inner\">\n\t\t\t\t<div class=\"elementor-element elementor-element-7f6c00b4 elementor-widget elementor-widget-theme-post-title elementor-page-title elementor-widget-heading\" data-id=\"7f6c00b4\" data-element_type=\"widget\" data-e-type=\"widget\" data-widget_type=\"theme-post-title.default\">\n\t\t\t\t\t<h1 class=\"elementor-heading-title elementor-size-default\">Entre lo P\u00fablico y lo Privado<\/h1>\t\t\t\t<\/div>\n\t\t\t\t\t<\/div>\n\t\t\t\t<\/div>\n\t\t<div class=\"elementor-element elementor-element-b84e4fc e-flex e-con-boxed e-con e-parent\" data-id=\"b84e4fc\" data-element_type=\"container\" data-e-type=\"container\">\n\t\t\t\t\t<div class=\"e-con-inner\">\n\t\t<div class=\"elementor-element elementor-element-6036a2c e-con-full e-flex e-con e-child\" data-id=\"6036a2c\" data-element_type=\"container\" data-e-type=\"container\">\n\t\t\t\t<div class=\"elementor-element elementor-element-5b65e5cc elementor-align-left elementor-widget elementor-widget-post-info\" data-id=\"5b65e5cc\" data-element_type=\"widget\" data-e-type=\"widget\" data-widget_type=\"post-info.default\">\n\t\t\t\t\t\t\t<ul class=\"elementor-inline-items elementor-icon-list-items elementor-post-info\">\n\t\t\t\t\t\t\t\t<li class=\"elementor-icon-list-item elementor-repeater-item-fde9fb9 elementor-inline-item\" itemprop=\"datePublished\">\n\t\t\t\t\t\t<a href=\"https:\/\/laagendaenred.mx\/?m=20251205\">\n\t\t\t\t\t\t\t\t\t\t\t\t\t\t<span class=\"elementor-icon-list-text elementor-post-info__item elementor-post-info__item--type-date\">\n\t\t\t\t\t\t\t\t\t\t<time>diciembre 5, 2025<\/time>\t\t\t\t\t<\/span>\n\t\t\t\t\t\t\t\t\t<\/a>\n\t\t\t\t<\/li>\n\t\t\t\t<li class=\"elementor-icon-list-item elementor-repeater-item-21768e1 elementor-inline-item\">\n\t\t\t\t\t\t\t\t\t\t<span class=\"elementor-icon-list-icon\">\n\t\t\t\t\t\t\t\t<i aria-hidden=\"true\" class=\"far fa-tags\"><\/i>\t\t\t\t\t\t\t<\/span>\n\t\t\t\t\t\t\t\t\t<span class=\"elementor-icon-list-text elementor-post-info__item elementor-post-info__item--type-custom\">\n\t\t\t\t\t\t\t\t\t\tLeandro Jes\u00fas Ledezma Rosique\t\t\t\t\t<\/span>\n\t\t\t\t\t\t\t\t<\/li>\n\t\t\t\t<\/ul>\n\t\t\t\t\t\t<\/div>\n\t\t\t\t<div class=\"elementor-element elementor-element-d6b2285 elementor-widget elementor-widget-theme-post-featured-image elementor-widget-image\" data-id=\"d6b2285\" data-element_type=\"widget\" data-e-type=\"widget\" data-widget_type=\"theme-post-featured-image.default\">\n\t\t\t\t\t\t\t\t\t\t\t\t\t\t\t<img fetchpriority=\"high\" decoding=\"async\" width=\"1028\" height=\"702\" src=\"https:\/\/laagendaenred.mx\/wp-content\/uploads\/2025\/12\/WhatsApp-Image-2025-12-04-at-5.27.35-p.m.jpeg\" class=\"attachment-full size-full wp-image-3350\" alt=\"\" srcset=\"https:\/\/laagendaenred.mx\/wp-content\/uploads\/2025\/12\/WhatsApp-Image-2025-12-04-at-5.27.35-p.m.jpeg 1028w, https:\/\/laagendaenred.mx\/wp-content\/uploads\/2025\/12\/WhatsApp-Image-2025-12-04-at-5.27.35-p.m-300x205.jpeg 300w, https:\/\/laagendaenred.mx\/wp-content\/uploads\/2025\/12\/WhatsApp-Image-2025-12-04-at-5.27.35-p.m-1024x699.jpeg 1024w, https:\/\/laagendaenred.mx\/wp-content\/uploads\/2025\/12\/WhatsApp-Image-2025-12-04-at-5.27.35-p.m-768x524.jpeg 768w\" sizes=\"(max-width: 1028px) 100vw, 1028px\" \/>\t\t\t\t\t\t\t\t\t\t\t\t\t\t\t<\/div>\n\t\t\t\t<div class=\"elementor-element elementor-element-279c4109 elementor-widget elementor-widget-text-editor\" data-id=\"279c4109\" data-element_type=\"widget\" data-e-type=\"widget\" data-widget_type=\"text-editor.default\">\n\t\t\t\t\t\t\t\t\t<p>En casi todas las econom\u00edas modernas conviven dos fuerzas: la l\u00f3gica del mercado y la l\u00f3gica del inter\u00e9s p\u00fablico. A ese arreglo se le conoce como econom\u00eda mixta: el sector privado busca beneficios econ\u00f3micos, mientras el gobierno adem\u00e1s de regular, recaudarimpuestos, posee y opera empresas estrat\u00e9gicas como energ\u00eda, transporte, finanzas, recursos naturales y de servicios financieros, proporcionando bienes y servicios que el mercado no ofrece o no lo hace con la cobertura social deseada.<br \/>La Organizaci\u00f3n para la Cooperaci\u00f3n y Desarrollo Econ\u00f3mico (OCDE) estima que el Estado opera al menos en sectores como infraestructura, energ\u00eda, transporte, medio ambiente y desarrollo social. Al mismo tiempo, la evidencia sobre problemas de eficiencia, corrupci\u00f3n y presi\u00f3n al erario plantea una pregunta inc\u00f3moda: \u00bfdebe el Estado administrar empresas\u2026 o basta con que las regule y arbitre?<br \/>Sabemos que el Estado tiene, al menos, tres grandes roles en la econom\u00eda:<br \/>\u00a0<br \/>Proveedor de bienes y servicios esenciales: Laparticipaci\u00f3n p\u00fablica es necesaria donde la inversi\u00f3n privada no llega. Organismos como la OCDE subrayan que el desaf\u00edo es atraer inversi\u00f3n privada sin perder de vista el inter\u00e9s p\u00fablico ni trasladar riesgos excesivos al erario.<br \/>\u00a0<br \/>Empresario directo: El Estado opera empresas en sectores estrat\u00e9gicos o de alto impacto social. Aqu\u00ed el reto es doble: que cumplan objetivos de pol\u00edtica p\u00fablica (acceso, cobertura, seguridad, sostenibilidad) yque no se conviertan en agujeros negros financieros. La gobernanza \u2014consejos de administraci\u00f3n profesionales, metas claras, transparencia\u2014 es determinante.<br \/>\u00a0<br \/>Regulador y \u00e1rbitro: Aunque no sea propietario, el Estado es el responsable de defir las reglas del juego: normatividad, tarifas, competencia, est\u00e1ndares de calidad, protecci\u00f3n ambiental y laboral. Sin reguladores fuertes e independientes, ni los privados ni las empresas p\u00fablicas responder\u00edan al inter\u00e9s general.<br \/>El Estado interviene en la econom\u00eda de muchas formas: impuestos, subsidios, regulaci\u00f3n, compras p\u00fablicas, asociaciones p\u00fablico-privadas y, en el extremo, propiedad directa de empresas. Las llamadas empresas p\u00fablicas o empresas de propiedad estatalsiguen siendo actores centrales. Estas empresas tienen un peso especial: aportan ingresos fiscales, garantizan servicios b\u00e1sicos y, en ocasiones, son instrumentos de pol\u00edtica industrial. Pero tambi\u00e9n arrastran una larga historia de ineficiencias, discrecionalidad y opacidad.<br \/>El principal enemigo de un buen balance entre lo p\u00fablico y lo privado es la politizaci\u00f3n de las decisiones empresariales. Cuando las empresas del Estado se convierten en bot\u00edn de corto plazo \u2014nombramientos por cuotas, tarifas reguladas sin sustento, inversiones con fines electorales\u2014 el costo no tarda en reflejarse en sus estados financieros y, despu\u00e9s, en el presupuesto p\u00fablico.<br \/>\u00a0<br \/>La OECD y el Fondo Monetario Internacional (FMI) son de las fuentes principales de investigaci\u00f3n sobre la gobernanza de las empresas estatales, estudios comparativos muestran que, en promedio, las empresas estatales tienden a ser menos rentables y productivas que sus equivalentes privadas, aunque con mucha variabilidad entre pa\u00edses y sectores.<br \/>Las razones se repiten: interferencia pol\u00edtica en decisiones t\u00e9cnicas, objetivos m\u00faltiples (sociales, laborales, territoriales) sin compensaci\u00f3n presupuestal clara; reglas de contrataci\u00f3n o inversi\u00f3n m\u00e1s r\u00edgidas que las del sector privado; plazas o subsidios con fines electorales; falta de informaci\u00f3n clara sobre costos, transferencias y subsidios; auditor\u00edas d\u00e9biles o poco consistentes baja competitivida. A ello se suman, en algunos casos, estructuras sindicadles corruptas.<br \/>Pero tampoco es cierto que la propiedad privada garantice autom\u00e1ticamente buenos resultados.Durante d\u00e9cadas se instal\u00f3 la tesis de que el sector privado es, por definici\u00f3n, m\u00e1s eficiente que el Estado. Hay abundantes ejemplos de monopolios privados con tarifas altas, baja calidad o pr\u00e1cticas abusivas cuando el \u201cregulador\u201d es d\u00e9bil. De ah\u00ed que el debate serio no sea \u201cEstado s\u00ed vs. Estado no\u201d, sino bajo qu\u00e9 condiciones la empresa p\u00fablica puede desempe\u00f1arse de manera comparable a una privada bien regulada.<br \/>Un factor preponderante de riezgo en las finanzas p\u00fablicas se da cuando una empresa estatal acumula p\u00e9rdidas o deuda, rara vez quiebra: la respalda el contribuyente. Organismos como el FMI advierten que estas empresas pueden convertirse en \u201cotro gobierno\u201d paralelo, que asume obligaciones fuera del presupuesto y genera pasivos contingentes considerables. El caso de Pemex, considerada la petrolera m\u00e1s endeudada del mundo, ilustra bien el dilema: entre 2019 &#8211; 2024 el Estado ha destinado poco m\u00e1s de 1.3 billones de pesos para su rescate, absorbiendo recursos que podr\u00edan destinarse a seguridad p\u00fablica, salud, educaci\u00f3n o infraestructura, y aun as\u00ed no est\u00e1 claro que se haya encontrado un modelo sostenible de negocio, lo que erosiona la confianza ciudadana en el Estado como administrador.<br \/>Organismos internacionales coinciden en una idea clave: el problema no es tanto la propiedad estatal en s\u00ed misma, sino c\u00f3mo se gobiernan estas empresas, qu\u00e9 incentivos tienen sus directivos y qu\u00e9 tan transparente es la relaci\u00f3n con el fisco. Donde hay opacidad, interferencia pol\u00edtica de corto plazo y presupuestos blandos (\u201cpap\u00e1 gobierno siempre rescata\u201d), los riesgos fiscales se disparan.<br \/>\u00a0<br \/>Otros an\u00e1lisis mas recientes, como el de la Universidad Nacional Aut\u00f3noma de M\u00e9xico (UNAM), se\u00f1alan que la eficiencia depende del contexto: como la regulaci\u00f3n, la competencia, gobernanza y dise\u00f1o institucional. Hay empresas p\u00fablicas que compiten exitosamente en mercados abiertos, y empresas privadas que operan en monopolios con fuertes rentas y escasa innovaci\u00f3n.<br \/>\u00a0<br \/>Privatizar por automatismo o estatizar por reflejo ideol\u00f3gico suele ser una mala pol\u00edtica p\u00fablica. Expertos en la materia refieren que la clave est\u00e1 en alinear incentivos con objetivos de desempe\u00f1o, sea cual sea el tipo de propiedad.<br \/>La gran pregunta es: \u00bfDebe el Estado administrar empresas?<br \/>M\u00e1s que una respuesta \u00fanica; expertos en la materia se\u00f1alan que depende del sector, de la capacidad institucional, de los objetivos de pol\u00edtica p\u00fablica y seguridad nacional, por lo que apuntan a proponer un conjunto de reglas y principios, tales como:<br \/>Definir claramente d\u00f3nde debe estar el Estado<br \/>Presencia directa solo donde existan fallas de mercado significativas: monopolios naturales, bienes p\u00fablicos, seguridad nacional, metas ambientales o de equidad dif\u00edciles de lograr por otras v\u00edas. En el resto de sectores, priorizar regulaci\u00f3n fuerte, competencia y esquemas de asociaci\u00f3n o concesi\u00f3n bien dise\u00f1ados.<br \/>Separar roles del Estado<br \/>El mismo gobierno no debe ser, al mismo tiempo, regulador, due\u00f1o y cliente principal de una empresa sin cortafuegos institucionales claros. Las buenas pr\u00e1cticas recomiendan unidades especializadas de propiedad estatal, separadas de los ministerios reguladores.<br \/>Profesionalizar la propiedad p\u00fablica<br \/>Consejos de administraci\u00f3n con mayor\u00eda de independientes y perfiles t\u00e9cnicos; procesos de nombramientos transparentes, basados en m\u00e9rito; metas expl\u00edcitas, viabilidad financiera y objetivos de pol\u00edtica (cobertura, transici\u00f3n energ\u00e9tica, etc.), con indicadores p\u00fablicos.<br \/>Transparencia total de cuentas y subsidios<br \/>Los apoyos del gobierno deben estar en el presupuesto, no escondidos en tarifas o deuda. Informes comparables a los de las empresas privadas ayudan a que ciudadan\u00eda y mercados eval\u00faen desempe\u00f1o y riesgos.<br \/>Disciplina fiscal y l\u00edmites al rescate<br \/>Establecer reglas sobre cu\u00e1ndo y c\u00f3mo se puede apoyar a una empresa estatal, sujetas a an\u00e1lisis costo-beneficio y debate p\u00fablico. Las transferencias no deben ser autom\u00e1ticas ni ilimitadas.<br \/>Rendici\u00f3n de cuentas ciudadana<br \/>Publicar datos accesibles sobre tarifas, calidad del servicio, salarios directivos, inversiones y resultados. Involucrar a \u00f3rganos aut\u00f3nomos de fiscalizaci\u00f3n y a la sociedad civil en la vigilancia.<br \/>El debate sobre si el Estado debe administrar empresas no se resolver\u00e1 de una vez y para siempre. Las crisis financieras, las pandemias, la transici\u00f3n energ\u00e9tica y las tensiones geopol\u00edticas seguir\u00e1n empujando el p\u00e9ndulo hacia m\u00e1s intervenci\u00f3n p\u00fablica en algunos momentos y hacia mayor protagonismo privado en otros.<br \/>\u00a0<br \/>La verdadera discusi\u00f3n ya no deber\u00eda ser \u201cEstado s\u00ed o no\u201d, \u201cmercado s\u00ed o no\u201d, sino qu\u00e9 combinaci\u00f3n de propiedad, regulaci\u00f3n y gobernanza maximiza el bienestar colectivo en cada sector y pa\u00eds. Si algo deja claro la experiencia internacional es que ni el Estado empresario sin control, ni el mercado desregulado,entregan por s\u00ed solos, la promesa de desarrollo incluyente que la ciudadan\u00eda exige.<br \/>\u00a0<br \/>\u00a0<br \/>All\u00ed se juega el futuro de la relaci\u00f3n entre lo p\u00fablico y lo privado: en la capacidad de construir un Estado que, cuando decide ser empresario, lo hace con la misma disciplina y profesionalismo que exige al mercado\u2026 pero con un objetivo distinto y superior: garantizar derechos y bienestar para todos.<\/p>\t\t\t\t\t\t\t\t<\/div>\n\t\t\t\t<\/div>\n\t\t<div class=\"elementor-element elementor-element-70c20216 e-con-full e-flex e-con e-child\" data-id=\"70c20216\" data-element_type=\"container\" data-e-type=\"container\">\n\t\t\t\t<div class=\"elementor-element elementor-element-8cf10c6 elementor-widget elementor-widget-heading\" data-id=\"8cf10c6\" data-element_type=\"widget\" data-e-type=\"widget\" data-widget_type=\"heading.default\">\n\t\t\t\t\t<h2 class=\"elementor-heading-title elementor-size-default\">Te puede interesar:<\/h2>\t\t\t\t<\/div>\n\t\t\t\t<div class=\"elementor-element elementor-element-10c44771 elementor-grid-1 elementor-posts--thumbnail-left elementor-grid-tablet-2 elementor-grid-mobile-1 elementor-widget elementor-widget-posts\" data-id=\"10c44771\" data-element_type=\"widget\" data-e-type=\"widget\" data-settings=\"{&quot;classic_columns&quot;:&quot;1&quot;,&quot;classic_columns_tablet&quot;:&quot;2&quot;,&quot;classic_columns_mobile&quot;:&quot;1&quot;,&quot;classic_row_gap&quot;:{&quot;unit&quot;:&quot;px&quot;,&quot;size&quot;:35,&quot;sizes&quot;:[]},&quot;classic_row_gap_tablet&quot;:{&quot;unit&quot;:&quot;px&quot;,&quot;size&quot;:&quot;&quot;,&quot;sizes&quot;:[]},&quot;classic_row_gap_mobile&quot;:{&quot;unit&quot;:&quot;px&quot;,&quot;size&quot;:&quot;&quot;,&quot;sizes&quot;:[]}}\" data-widget_type=\"posts.classic\">\n\t\t\t\t<div class=\"elementor-widget-container\">\n\t\t\t\t\t\t\t<div class=\"elementor-posts-container elementor-posts elementor-posts--skin-classic elementor-grid\" role=\"list\">\n\t\t\t\t<article class=\"elementor-post elementor-grid-item post-7172 post type-post status-publish format-standard has-post-thumbnail hentry category-columna\" role=\"listitem\">\n\t\t\t\t<a class=\"elementor-post__thumbnail__link\" href=\"https:\/\/laagendaenred.mx\/?p=7172\" tabindex=\"-1\" >\n\t\t\t<div class=\"elementor-post__thumbnail\"><img decoding=\"async\" width=\"300\" height=\"225\" src=\"https:\/\/laagendaenred.mx\/wp-content\/uploads\/2026\/04\/WhatsApp-Image-2026-04-22-at-8.46.18-p.m-300x225.jpeg\" class=\"attachment-medium size-medium wp-image-7173\" alt=\"\" srcset=\"https:\/\/laagendaenred.mx\/wp-content\/uploads\/2026\/04\/WhatsApp-Image-2026-04-22-at-8.46.18-p.m-300x225.jpeg 300w, https:\/\/laagendaenred.mx\/wp-content\/uploads\/2026\/04\/WhatsApp-Image-2026-04-22-at-8.46.18-p.m.jpeg 650w\" sizes=\"(max-width: 300px) 100vw, 300px\" \/><\/div>\n\t\t<\/a>\n\t\t\t\t<div class=\"elementor-post__text\">\n\t\t\t\t<h3 class=\"elementor-post__title\">\n\t\t\t<a href=\"https:\/\/laagendaenred.mx\/?p=7172\" >\n\t\t\t\tEl efectivo bajo amenaza: una medida cr\u00edtica y anticonstitucional\t\t\t<\/a>\n\t\t<\/h3>\n\t\t\t\t<div class=\"elementor-post__excerpt\">\n\t\t\t<p>La reciente intenci\u00f3n del gobierno de imponer el pago obligatorio con tarjeta en gasolineras y casetas de peaje abre un debate jur\u00eddico y ciudadano de gran calado&#8230;<\/p>\n\t\t<\/div>\n\t\t\t\t<\/div>\n\t\t\t\t<\/article>\n\t\t\t\t<article class=\"elementor-post elementor-grid-item post-7157 post type-post status-publish format-standard has-post-thumbnail hentry category-opinion\" role=\"listitem\">\n\t\t\t\t<a class=\"elementor-post__thumbnail__link\" href=\"https:\/\/laagendaenred.mx\/?p=7157\" tabindex=\"-1\" >\n\t\t\t<div class=\"elementor-post__thumbnail\"><img decoding=\"async\" width=\"300\" height=\"200\" src=\"https:\/\/laagendaenred.mx\/wp-content\/uploads\/2026\/04\/WhatsApp-Image-2026-04-09-at-8.03.24-p.m-300x200.jpeg\" class=\"attachment-medium size-medium wp-image-7158\" alt=\"\" srcset=\"https:\/\/laagendaenred.mx\/wp-content\/uploads\/2026\/04\/WhatsApp-Image-2026-04-09-at-8.03.24-p.m-300x200.jpeg 300w, https:\/\/laagendaenred.mx\/wp-content\/uploads\/2026\/04\/WhatsApp-Image-2026-04-09-at-8.03.24-p.m-768x513.jpeg 768w, https:\/\/laagendaenred.mx\/wp-content\/uploads\/2026\/04\/WhatsApp-Image-2026-04-09-at-8.03.24-p.m.jpeg 956w\" sizes=\"(max-width: 300px) 100vw, 300px\" \/><\/div>\n\t\t<\/a>\n\t\t\t\t<div class=\"elementor-post__text\">\n\t\t\t\t<h3 class=\"elementor-post__title\">\n\t\t\t<a href=\"https:\/\/laagendaenred.mx\/?p=7157\" >\n\t\t\t\tEnerg\u00eda solar en las escuelas p\u00fablicas: la inversi\u00f3n del futuro.\t\t\t<\/a>\n\t\t<\/h3>\n\t\t\t\t<div class=\"elementor-post__excerpt\">\n\t\t\t<p>La transici\u00f3n energ\u00e9tica no es un lujo, es una urgencia. M\u00e9xico sigue dependiendo del petr\u00f3leo y de tarifas el\u00e9ctricas cada vez m\u00e1s altas&#8230;<\/p>\n\t\t<\/div>\n\t\t\t\t<\/div>\n\t\t\t\t<\/article>\n\t\t\t\t<\/div>\n\t\t\n\t\t\t\t\t\t<\/div>\n\t\t\t\t<\/div>\n\t\t<div class=\"elementor-element elementor-element-134989f6 e-con-full e-flex e-con e-child\" data-id=\"134989f6\" data-element_type=\"container\" data-e-type=\"container\" data-settings=\"{&quot;background_background&quot;:&quot;classic&quot;}\">\n\t\t\t\t<div class=\"elementor-element elementor-element-172759dd elementor-widget elementor-widget-heading\" data-id=\"172759dd\" data-element_type=\"widget\" data-e-type=\"widget\" data-widget_type=\"heading.default\">\n\t\t\t\t\t<h3 class=\"elementor-heading-title elementor-size-default\">Escr\u00edbenos<\/h3>\t\t\t\t<\/div>\n\t\t\t\t<div class=\"elementor-element elementor-element-377eeeaa elementor-button-align-end elementor-widget elementor-widget-form\" data-id=\"377eeeaa\" data-element_type=\"widget\" data-e-type=\"widget\" data-settings=\"{&quot;step_next_label&quot;:&quot;Next&quot;,&quot;step_previous_label&quot;:&quot;Previous&quot;,&quot;button_width&quot;:&quot;100&quot;,&quot;step_type&quot;:&quot;number_text&quot;,&quot;step_icon_shape&quot;:&quot;circle&quot;}\" data-widget_type=\"form.default\">\n\t\t\t\t\t\t\t<form class=\"elementor-form\" method=\"post\" name=\"New Form\" aria-label=\"New Form\">\n\t\t\t<input type=\"hidden\" name=\"post_id\" value=\"3389\"\/>\n\t\t\t<input type=\"hidden\" name=\"form_id\" value=\"377eeeaa\"\/>\n\t\t\t<input type=\"hidden\" name=\"referer_title\" value=\"Entre lo P\u00fablico y lo Privado\" \/>\n\n\t\t\t\t\t\t\t<input type=\"hidden\" name=\"queried_id\" value=\"3389\"\/>\n\t\t\t\n\t\t\t<div class=\"elementor-form-fields-wrapper elementor-labels-\">\n\t\t\t\t\t\t\t\t<div class=\"elementor-field-type-text elementor-field-group elementor-column elementor-field-group-name elementor-col-100\">\n\t\t\t\t\t\t\t\t\t\t\t\t<label for=\"form-field-name\" class=\"elementor-field-label elementor-screen-only\">\n\t\t\t\t\t\t\t\tNombre\t\t\t\t\t\t\t<\/label>\n\t\t\t\t\t\t\t\t\t\t\t\t\t\t<input size=\"1\" type=\"text\" name=\"form_fields[name]\" id=\"form-field-name\" class=\"elementor-field elementor-size-sm  elementor-field-textual\" placeholder=\"Nombre\">\n\t\t\t\t\t\t\t\t\t\t\t<\/div>\n\t\t\t\t\t\t\t\t<div class=\"elementor-field-type-email elementor-field-group elementor-column elementor-field-group-field_1 elementor-col-100 elementor-field-required\">\n\t\t\t\t\t\t\t\t\t\t\t\t<label for=\"form-field-field_1\" class=\"elementor-field-label elementor-screen-only\">\n\t\t\t\t\t\t\t\tEmail\t\t\t\t\t\t\t<\/label>\n\t\t\t\t\t\t\t\t\t\t\t\t\t\t<input size=\"1\" type=\"email\" name=\"form_fields[field_1]\" id=\"form-field-field_1\" class=\"elementor-field elementor-size-sm  elementor-field-textual\" placeholder=\"Email\" required=\"required\">\n\t\t\t\t\t\t\t\t\t\t\t<\/div>\n\t\t\t\t\t\t\t\t<div class=\"elementor-field-type-textarea elementor-field-group elementor-column elementor-field-group-field_f30b564 elementor-col-100\">\n\t\t\t\t\t\t\t\t\t\t\t\t<label for=\"form-field-field_f30b564\" class=\"elementor-field-label elementor-screen-only\">\n\t\t\t\t\t\t\t\tMensaje\t\t\t\t\t\t\t<\/label>\n\t\t\t\t\t\t<textarea class=\"elementor-field-textual elementor-field  elementor-size-sm\" name=\"form_fields[field_f30b564]\" id=\"form-field-field_f30b564\" rows=\"4\" placeholder=\"Mensaje\"><\/textarea>\t\t\t\t<\/div>\n\t\t\t\t\t\t\t\t<div class=\"elementor-field-group elementor-column elementor-field-type-submit elementor-col-100 e-form__buttons\">\n\t\t\t\t\t<button class=\"elementor-button elementor-size-sm\" type=\"submit\">\n\t\t\t\t\t\t<span class=\"elementor-button-content-wrapper\">\n\t\t\t\t\t\t\t\t\t\t\t\t\t\t\t<span class=\"elementor-button-icon\">\n\t\t\t\t\t\t\t\t\t<svg aria-hidden=\"true\" class=\"e-font-icon-svg e-fas-long-arrow-alt-right\" viewBox=\"0 0 448 512\" xmlns=\"http:\/\/www.w3.org\/2000\/svg\"><path d=\"M313.941 216H12c-6.627 0-12 5.373-12 12v56c0 6.627 5.373 12 12 12h301.941v46.059c0 21.382 25.851 32.09 40.971 16.971l86.059-86.059c9.373-9.373 9.373-24.569 0-33.941l-86.059-86.059c-15.119-15.119-40.971-4.411-40.971 16.971V216z\"><\/path><\/svg>\t\t\t\t\t\t\t\t\t\t\t\t\t\t\t\t\t<\/span>\n\t\t\t\t\t\t\t\t\t\t\t\t\t\t\t\t\t\t\t\t\t\t<span class=\"elementor-button-text\">Enviar<\/span>\n\t\t\t\t\t\t\t\t\t\t\t\t\t<\/span>\n\t\t\t\t\t<\/button>\n\t\t\t\t<\/div>\n\t\t\t<\/div>\n\t\t<\/form>\n\t\t\t\t\t\t<\/div>\n\t\t\t\t<\/div>\n\t\t\t\t<\/div>\n\t\t\t\t\t<\/div>\n\t\t\t\t<\/div>\n\t\t<div class=\"elementor-element elementor-element-7f5b9d73 e-flex e-con-boxed e-con e-parent\" data-id=\"7f5b9d73\" data-element_type=\"container\" data-e-type=\"container\">\n\t\t\t\t\t<div class=\"e-con-inner\">\n\t\t\t\t<div class=\"elementor-element elementor-element-a659958 elementor-post-navigation-borders-yes elementor-widget elementor-widget-post-navigation\" data-id=\"a659958\" data-element_type=\"widget\" data-e-type=\"widget\" data-widget_type=\"post-navigation.default\">\n\t\t\t\t\t\t\t<div class=\"elementor-post-navigation\" role=\"navigation\" aria-label=\"Navegaci\u00f3n de la entrada\">\n\t\t\t<div class=\"elementor-post-navigation__prev elementor-post-navigation__link\">\n\t\t\t\t<a href=\"https:\/\/laagendaenred.mx\/?p=7147\" rel=\"prev\"><span class=\"post-navigation__arrow-wrapper post-navigation__arrow-prev\"><svg aria-hidden=\"true\" class=\"e-font-icon-svg e-fas-angle-left\" viewBox=\"0 0 256 512\" xmlns=\"http:\/\/www.w3.org\/2000\/svg\"><path d=\"M31.7 239l136-136c9.4-9.4 24.6-9.4 33.9 0l22.6 22.6c9.4 9.4 9.4 24.6 0 33.9L127.9 256l96.4 96.4c9.4 9.4 9.4 24.6 0 33.9L201.7 409c-9.4 9.4-24.6 9.4-33.9 0l-136-136c-9.5-9.4-9.5-24.6-.1-34z\"><\/path><\/svg><span class=\"elementor-screen-only\">Ant<\/span><\/span><span class=\"elementor-post-navigation__link__prev\"><span class=\"post-navigation__prev--label\">Previous<\/span><span class=\"post-navigation__prev--title\">Con Morena vivimos la austeridad m\u00e1s cara de la historia<\/span><\/span><\/a>\t\t\t<\/div>\n\t\t\t\t\t\t\t<div class=\"elementor-post-navigation__separator-wrapper\">\n\t\t\t\t\t<div class=\"elementor-post-navigation__separator\"><\/div>\n\t\t\t\t<\/div>\n\t\t\t\t\t\t<div class=\"elementor-post-navigation__next elementor-post-navigation__link\">\n\t\t\t\t<a href=\"https:\/\/laagendaenred.mx\/?p=7172\" rel=\"next\"><span class=\"elementor-post-navigation__link__next\"><span class=\"post-navigation__next--label\">Next<\/span><span class=\"post-navigation__next--title\">El efectivo bajo amenaza: una medida cr\u00edtica y anticonstitucional<\/span><\/span><span class=\"post-navigation__arrow-wrapper post-navigation__arrow-next\"><svg aria-hidden=\"true\" class=\"e-font-icon-svg e-fas-angle-right\" viewBox=\"0 0 256 512\" xmlns=\"http:\/\/www.w3.org\/2000\/svg\"><path d=\"M224.3 273l-136 136c-9.4 9.4-24.6 9.4-33.9 0l-22.6-22.6c-9.4-9.4-9.4-24.6 0-33.9l96.4-96.4-96.4-96.4c-9.4-9.4-9.4-24.6 0-33.9L54.3 103c9.4-9.4 24.6-9.4 33.9 0l136 136c9.5 9.4 9.5 24.6.1 34z\"><\/path><\/svg><span class=\"elementor-screen-only\">Siguiente<\/span><\/span><\/a>\t\t\t<\/div>\n\t\t<\/div>\n\t\t\t\t\t\t<\/div>\n\t\t\t\t\t<\/div>\n\t\t\t\t<\/div>\n\t\t\t\t<\/div>\n\t\t","protected":false},"excerpt":{"rendered":"<p>En casi todas las econom\u00edas modernas conviven dos fuerzas: la l\u00f3gica del mercado y la l\u00f3gica del inter\u00e9s p\u00fablico. A ese arreglo se le conoce como econom\u00eda mixta: el sector privado busca beneficios econ\u00f3micos, mientras el gobierno adem\u00e1s de regular, recaudarimpuestos, posee y opera empresas estrat\u00e9gicas como energ\u00eda, transporte, finanzas, recursos naturales y de servicios [&hellip;]<\/p>\n","protected":false},"author":1,"featured_media":3350,"comment_status":"open","ping_status":"closed","sticky":false,"template":"elementor_header_footer","format":"standard","meta":{"footnotes":""},"categories":[16],"tags":[],"ppma_author":[10],"class_list":["post-3389","post","type-post","status-publish","format-standard","has-post-thumbnail","hentry","category-opinion"],"authors":[{"term_id":10,"user_id":1,"is_guest":0,"slug":"admin","display_name":"Humberto Iduarte","avatar_url":{"url":"https:\/\/laagendaenred.mx\/wp-content\/uploads\/2025\/10\/Humber-Iduarte.jpeg","url2x":"https:\/\/laagendaenred.mx\/wp-content\/uploads\/2025\/10\/Humber-Iduarte.jpeg"},"0":null,"1":"","2":"","3":"","4":"","5":"","6":"","7":"","8":""}],"_links":{"self":[{"href":"https:\/\/laagendaenred.mx\/index.php?rest_route=\/wp\/v2\/posts\/3389","targetHints":{"allow":["GET"]}}],"collection":[{"href":"https:\/\/laagendaenred.mx\/index.php?rest_route=\/wp\/v2\/posts"}],"about":[{"href":"https:\/\/laagendaenred.mx\/index.php?rest_route=\/wp\/v2\/types\/post"}],"author":[{"embeddable":true,"href":"https:\/\/laagendaenred.mx\/index.php?rest_route=\/wp\/v2\/users\/1"}],"replies":[{"embeddable":true,"href":"https:\/\/laagendaenred.mx\/index.php?rest_route=%2Fwp%2Fv2%2Fcomments&post=3389"}],"version-history":[{"count":4,"href":"https:\/\/laagendaenred.mx\/index.php?rest_route=\/wp\/v2\/posts\/3389\/revisions"}],"predecessor-version":[{"id":3394,"href":"https:\/\/laagendaenred.mx\/index.php?rest_route=\/wp\/v2\/posts\/3389\/revisions\/3394"}],"wp:featuredmedia":[{"embeddable":true,"href":"https:\/\/laagendaenred.mx\/index.php?rest_route=\/wp\/v2\/media\/3350"}],"wp:attachment":[{"href":"https:\/\/laagendaenred.mx\/index.php?rest_route=%2Fwp%2Fv2%2Fmedia&parent=3389"}],"wp:term":[{"taxonomy":"category","embeddable":true,"href":"https:\/\/laagendaenred.mx\/index.php?rest_route=%2Fwp%2Fv2%2Fcategories&post=3389"},{"taxonomy":"post_tag","embeddable":true,"href":"https:\/\/laagendaenred.mx\/index.php?rest_route=%2Fwp%2Fv2%2Ftags&post=3389"},{"taxonomy":"author","embeddable":true,"href":"https:\/\/laagendaenred.mx\/index.php?rest_route=%2Fwp%2Fv2%2Fppma_author&post=3389"}],"curies":[{"name":"wp","href":"https:\/\/api.w.org\/{rel}","templated":true}]}}