{"id":7093,"date":"2026-04-02T10:25:10","date_gmt":"2026-04-02T16:25:10","guid":{"rendered":"https:\/\/laagendaenred.mx\/?p=7093"},"modified":"2026-04-02T10:29:09","modified_gmt":"2026-04-02T16:29:09","slug":"el-derrame-que-el-gobierno-si-conocia","status":"publish","type":"post","link":"https:\/\/laagendaenred.mx\/?p=7093","title":{"rendered":"El derrame que el gobierno s\u00ed conoc\u00eda"},"content":{"rendered":"\t\t<div data-elementor-type=\"wp-post\" data-elementor-id=\"7093\" class=\"elementor elementor-7093\" data-elementor-post-type=\"post\">\n\t\t\t\t<div class=\"elementor-element elementor-element-6a8aab1b e-flex e-con-boxed e-con e-parent\" data-id=\"6a8aab1b\" data-element_type=\"container\" data-e-type=\"container\" data-settings=\"{&quot;background_background&quot;:&quot;classic&quot;}\">\n\t\t\t\t\t<div class=\"e-con-inner\">\n\t\t\t\t<div class=\"elementor-element elementor-element-72e85e49 elementor-widget elementor-widget-theme-post-title elementor-page-title elementor-widget-heading\" data-id=\"72e85e49\" data-element_type=\"widget\" data-e-type=\"widget\" data-widget_type=\"theme-post-title.default\">\n\t\t\t\t\t<h1 class=\"elementor-heading-title elementor-size-default\">El derrame que el gobierno s\u00ed conoc\u00eda<\/h1>\t\t\t\t<\/div>\n\t\t\t\t\t<\/div>\n\t\t\t\t<\/div>\n\t\t<div class=\"elementor-element elementor-element-14904a4b e-flex e-con-boxed e-con e-parent\" data-id=\"14904a4b\" data-element_type=\"container\" data-e-type=\"container\">\n\t\t\t\t\t<div class=\"e-con-inner\">\n\t\t<div class=\"elementor-element elementor-element-4c63530d e-con-full e-flex e-con e-child\" data-id=\"4c63530d\" data-element_type=\"container\" data-e-type=\"container\">\n\t\t\t\t<div class=\"elementor-element elementor-element-a2c4ff0 elementor-align-left elementor-widget elementor-widget-post-info\" data-id=\"a2c4ff0\" data-element_type=\"widget\" data-e-type=\"widget\" data-widget_type=\"post-info.default\">\n\t\t\t\t\t\t\t<ul class=\"elementor-inline-items elementor-icon-list-items elementor-post-info\">\n\t\t\t\t\t\t\t\t<li class=\"elementor-icon-list-item elementor-repeater-item-fde9fb9 elementor-inline-item\" itemprop=\"datePublished\">\n\t\t\t\t\t\t<a href=\"https:\/\/laagendaenred.mx\/?m=20260402\">\n\t\t\t\t\t\t\t\t\t\t\t\t\t\t<span class=\"elementor-icon-list-text elementor-post-info__item elementor-post-info__item--type-date\">\n\t\t\t\t\t\t\t\t\t\t<time>abril 2, 2026<\/time>\t\t\t\t\t<\/span>\n\t\t\t\t\t\t\t\t\t<\/a>\n\t\t\t\t<\/li>\n\t\t\t\t<li class=\"elementor-icon-list-item elementor-repeater-item-f7bd4a7 elementor-inline-item\" itemprop=\"author\">\n\t\t\t\t\t\t<a href=\"https:\/\/laagendaenred.mx\/?author=1\">\n\t\t\t\t\t\t\t\t\t\t\t\t\t\t<span class=\"elementor-icon-list-text elementor-post-info__item elementor-post-info__item--type-author\">\n\t\t\t\t\t\t\t\t\t\tHumberto Iduarte\t\t\t\t\t<\/span>\n\t\t\t\t\t\t\t\t\t<\/a>\n\t\t\t\t<\/li>\n\t\t\t\t<\/ul>\n\t\t\t\t\t\t<\/div>\n\t\t\t\t<div class=\"elementor-element elementor-element-42cb835c elementor-widget elementor-widget-theme-post-featured-image elementor-widget-image\" data-id=\"42cb835c\" data-element_type=\"widget\" data-e-type=\"widget\" data-widget_type=\"theme-post-featured-image.default\">\n\t\t\t\t\t\t\t\t\t\t\t\t\t\t\t<img fetchpriority=\"high\" decoding=\"async\" width=\"640\" height=\"426\" src=\"https:\/\/laagendaenred.mx\/wp-content\/uploads\/2026\/04\/WhatsApp-Image-2026-04-02-at-9.29.09-a.m.jpeg\" class=\"attachment-full size-full wp-image-7096\" alt=\"\" srcset=\"https:\/\/laagendaenred.mx\/wp-content\/uploads\/2026\/04\/WhatsApp-Image-2026-04-02-at-9.29.09-a.m.jpeg 640w, https:\/\/laagendaenred.mx\/wp-content\/uploads\/2026\/04\/WhatsApp-Image-2026-04-02-at-9.29.09-a.m-300x200.jpeg 300w\" sizes=\"(max-width: 640px) 100vw, 640px\" \/>\t\t\t\t\t\t\t\t\t\t\t\t\t\t\t<\/div>\n\t\t\t\t<div class=\"elementor-element elementor-element-2586f943 elementor-widget elementor-widget-text-editor\" data-id=\"2586f943\" data-element_type=\"widget\" data-e-type=\"widget\" data-widget_type=\"text-editor.default\">\n\t\t\t\t\t\t\t\t\t<p>El derrame en el Golfo no fue un fen\u00f3meno natural ni un evento inesperado. Desde febrero exist\u00edan im\u00e1genes satelitales que mostraban con claridad la fuga en un ducto de Pemex. Un barco reparador especializado estuvo sobre ese punto durante 175 horas. La informaci\u00f3n estaba ah\u00ed. La evidencia era verificable. El gobierno la conoc\u00eda.<\/p><p>Aun as\u00ed, el aviso oficial lleg\u00f3 mes y medio tarde. En ese tiempo, la mancha avanz\u00f3 y termin\u00f3 afectando casi mil kil\u00f3metros de costa y 96 sitios. Las comunidades enfrentaron el desastre sin informaci\u00f3n, sin equipo y sin capacitaci\u00f3n. La narrativa institucional se movi\u00f3 entre explicaciones parciales, pretextos y la idea de que todo pod\u00eda deberse a \u201cemanaciones naturales\u201d. No era cierto. Y lo sab\u00edan.<\/p><p>El problema ya no es solo el derrame. Fue la irresponsable decisi\u00f3n de sostener una versi\u00f3n que no coincid\u00eda con los datos. Fue el tiempo perdido en pretextos cuando lo urgente era actuar. Esa falta de transparencia sobre las \u00f3rdenes de trabajo y sobre la operaci\u00f3n en el ducto. Es la omisi\u00f3n convertida en respuesta oficial. Y es tambi\u00e9n de un gobierno que, teniendo la informaci\u00f3n desde el inicio, eligi\u00f3 instalar una narrativa que no correspond\u00eda con la realidad, aun cuando la afectaci\u00f3n ya era visible desde el espacio.<\/p><p>Tabasco y Veracruz han sido tratados durante a\u00f1os como territorios donde la extracci\u00f3n se impone sobre todo lo dem\u00e1s. El derrame confirma esa l\u00f3gica: la zona de sacrificio se normaliza, y la poblaci\u00f3n queda expuesta sin informaci\u00f3n ni protecci\u00f3n.<\/p><p>Lo que se debi\u00f3 hacerse e informar: <br \/>Una fuga en un ducto marino que requiere t\u00e9rminos especializados para atenderse de un tubo que transporta hidrocarburos en el fondo del mar.<br \/>Eso fue lo que ocurri\u00f3.<br \/>Y eso fue lo que se ocult\u00f3 detr\u00e1s de explicaciones que no correspond\u00edan con la realidad.<\/p><p>La responsabilidad no se limita a un director de Pemex que coadyuv\u00f3 a no informar la verdad. Involucr\u00f3 a todo un gobierno que sostuvo una explicaci\u00f3n que no coincid\u00eda con lo que ya se sab\u00eda. Y hoy abre una exigencia b\u00e1sica que no puede seguir posponi\u00e9ndose: \u00bfqu\u00e9 se va a hacer para reparar el da\u00f1o, cu\u00e1l es el avance real y cu\u00e1nto tiempo tomar\u00e1 asegurar que la fuga en el ducto marino qued\u00f3 completamente resuelta?.<\/p><p>No son solos preguntas. Es una obligaci\u00f3n p\u00fablica. Despu\u00e9s de un derrame de esta magnitud, el pa\u00eds merece informaci\u00f3n verificable, no versiones tard\u00edas ni explicaciones que nacieron desmentidas por las im\u00e1genes. Lo m\u00ednimo es claridad sobre el actual estado de los ductos, los trabajos que se realizan el ducto da\u00f1ado, los pendientes y los plazos. <br \/>Lo m\u00ednimo es saber si el da\u00f1o est\u00e1 contenido o si seguiremos dependiendo de los comunicados que ahora si, llegar\u00e1n despu\u00e9s de los hechos.<\/p><p>\u00bf Despu\u00e9s de este desastre ecol\u00f3gico, los mexicanos merecemos este tipo de gobierno?<\/p>\t\t\t\t\t\t\t\t<\/div>\n\t\t\t\t<\/div>\n\t\t<div class=\"elementor-element elementor-element-52f2d006 e-con-full e-flex e-con e-child\" data-id=\"52f2d006\" data-element_type=\"container\" data-e-type=\"container\">\n\t\t\t\t<div class=\"elementor-element elementor-element-63a347f elementor-widget elementor-widget-heading\" data-id=\"63a347f\" data-element_type=\"widget\" data-e-type=\"widget\" data-widget_type=\"heading.default\">\n\t\t\t\t\t<h2 class=\"elementor-heading-title elementor-size-default\">Compartir:<\/h2>\t\t\t\t<\/div>\n\t\t\t\t<div class=\"elementor-element elementor-element-4254e6ba elementor-share-buttons--view-icon elementor-share-buttons--skin-gradient elementor-share-buttons--shape-square elementor-grid-0 elementor-share-buttons--color-official elementor-widget elementor-widget-share-buttons\" data-id=\"4254e6ba\" data-element_type=\"widget\" data-e-type=\"widget\" data-widget_type=\"share-buttons.default\">\n\t\t\t\t\t\t\t<div class=\"elementor-grid\" role=\"list\">\n\t\t\t\t\t\t\t\t<div class=\"elementor-grid-item\" role=\"listitem\">\n\t\t\t\t\t\t<div class=\"elementor-share-btn elementor-share-btn_facebook\" role=\"button\" tabindex=\"0\" aria-label=\"Compartir en facebook\">\n\t\t\t\t\t\t\t\t\t\t\t\t\t\t\t<span class=\"elementor-share-btn__icon\">\n\t\t\t\t\t\t\t\t<svg aria-hidden=\"true\" class=\"e-font-icon-svg e-fab-facebook\" viewBox=\"0 0 512 512\" xmlns=\"http:\/\/www.w3.org\/2000\/svg\"><path d=\"M504 256C504 119 393 8 256 8S8 119 8 256c0 123.78 90.69 226.38 209.25 245V327.69h-63V256h63v-54.64c0-62.15 37-96.48 93.67-96.48 27.14 0 55.52 4.84 55.52 4.84v61h-31.28c-30.8 0-40.41 19.12-40.41 38.73V256h68.78l-11 71.69h-57.78V501C413.31 482.38 504 379.78 504 256z\"><\/path><\/svg>\t\t\t\t\t\t\t<\/span>\n\t\t\t\t\t\t\t\t\t\t\t\t\t\t\t\t\t\t\t\t<\/div>\n\t\t\t\t\t<\/div>\n\t\t\t\t\t\t\t\t\t<div class=\"elementor-grid-item\" role=\"listitem\">\n\t\t\t\t\t\t<div class=\"elementor-share-btn elementor-share-btn_x-twitter\" role=\"button\" tabindex=\"0\" aria-label=\"Compartir en x-twitter\">\n\t\t\t\t\t\t\t\t\t\t\t\t\t\t\t<span class=\"elementor-share-btn__icon\">\n\t\t\t\t\t\t\t\t<svg aria-hidden=\"true\" class=\"e-font-icon-svg e-fab-x-twitter\" viewBox=\"0 0 512 512\" xmlns=\"http:\/\/www.w3.org\/2000\/svg\"><path d=\"M389.2 48h70.6L305.6 224.2 487 464H345L233.7 318.6 106.5 464H35.8L200.7 275.5 26.8 48H172.4L272.9 180.9 389.2 48zM364.4 421.8h39.1L151.1 88h-42L364.4 421.8z\"><\/path><\/svg>\t\t\t\t\t\t\t<\/span>\n\t\t\t\t\t\t\t\t\t\t\t\t\t\t\t\t\t\t\t\t<\/div>\n\t\t\t\t\t<\/div>\n\t\t\t\t\t\t\t\t\t<div class=\"elementor-grid-item\" role=\"listitem\">\n\t\t\t\t\t\t<div class=\"elementor-share-btn elementor-share-btn_linkedin\" role=\"button\" tabindex=\"0\" aria-label=\"Compartir en linkedin\">\n\t\t\t\t\t\t\t\t\t\t\t\t\t\t\t<span class=\"elementor-share-btn__icon\">\n\t\t\t\t\t\t\t\t<svg aria-hidden=\"true\" class=\"e-font-icon-svg e-fab-linkedin\" viewBox=\"0 0 448 512\" xmlns=\"http:\/\/www.w3.org\/2000\/svg\"><path d=\"M416 32H31.9C14.3 32 0 46.5 0 64.3v383.4C0 465.5 14.3 480 31.9 480H416c17.6 0 32-14.5 32-32.3V64.3c0-17.8-14.4-32.3-32-32.3zM135.4 416H69V202.2h66.5V416zm-33.2-243c-21.3 0-38.5-17.3-38.5-38.5S80.9 96 102.2 96c21.2 0 38.5 17.3 38.5 38.5 0 21.3-17.2 38.5-38.5 38.5zm282.1 243h-66.4V312c0-24.8-.5-56.7-34.5-56.7-34.6 0-39.9 27-39.9 54.9V416h-66.4V202.2h63.7v29.2h.9c8.9-16.8 30.6-34.5 62.9-34.5 67.2 0 79.7 44.3 79.7 101.9V416z\"><\/path><\/svg>\t\t\t\t\t\t\t<\/span>\n\t\t\t\t\t\t\t\t\t\t\t\t\t\t\t\t\t\t\t\t<\/div>\n\t\t\t\t\t<\/div>\n\t\t\t\t\t\t<\/div>\n\t\t\t\t\t\t<\/div>\n\t\t\t\t<div class=\"elementor-element elementor-element-7d0c46dc elementor-widget elementor-widget-heading\" data-id=\"7d0c46dc\" data-element_type=\"widget\" data-e-type=\"widget\" data-widget_type=\"heading.default\">\n\t\t\t\t\t<h2 class=\"elementor-heading-title elementor-size-default\">Te puede interesar:<\/h2>\t\t\t\t<\/div>\n\t\t\t\t<div class=\"elementor-element elementor-element-41c99236 elementor-grid-1 elementor-posts--thumbnail-left elementor-grid-tablet-2 elementor-grid-mobile-1 elementor-widget elementor-widget-posts\" data-id=\"41c99236\" data-element_type=\"widget\" data-e-type=\"widget\" data-settings=\"{&quot;classic_columns&quot;:&quot;1&quot;,&quot;classic_columns_tablet&quot;:&quot;2&quot;,&quot;classic_columns_mobile&quot;:&quot;1&quot;,&quot;classic_row_gap&quot;:{&quot;unit&quot;:&quot;px&quot;,&quot;size&quot;:35,&quot;sizes&quot;:[]},&quot;classic_row_gap_tablet&quot;:{&quot;unit&quot;:&quot;px&quot;,&quot;size&quot;:&quot;&quot;,&quot;sizes&quot;:[]},&quot;classic_row_gap_mobile&quot;:{&quot;unit&quot;:&quot;px&quot;,&quot;size&quot;:&quot;&quot;,&quot;sizes&quot;:[]}}\" data-widget_type=\"posts.classic\">\n\t\t\t\t<div class=\"elementor-widget-container\">\n\t\t\t\t\t\t\t<div class=\"elementor-posts-container elementor-posts elementor-posts--skin-classic elementor-grid\" role=\"list\">\n\t\t\t\t<article class=\"elementor-post elementor-grid-item post-7172 post type-post status-publish format-standard has-post-thumbnail hentry category-columna\" role=\"listitem\">\n\t\t\t\t<a class=\"elementor-post__thumbnail__link\" href=\"https:\/\/laagendaenred.mx\/?p=7172\" tabindex=\"-1\" >\n\t\t\t<div class=\"elementor-post__thumbnail\"><img decoding=\"async\" width=\"300\" height=\"225\" src=\"https:\/\/laagendaenred.mx\/wp-content\/uploads\/2026\/04\/WhatsApp-Image-2026-04-22-at-8.46.18-p.m-300x225.jpeg\" class=\"attachment-medium size-medium wp-image-7173\" alt=\"\" srcset=\"https:\/\/laagendaenred.mx\/wp-content\/uploads\/2026\/04\/WhatsApp-Image-2026-04-22-at-8.46.18-p.m-300x225.jpeg 300w, https:\/\/laagendaenred.mx\/wp-content\/uploads\/2026\/04\/WhatsApp-Image-2026-04-22-at-8.46.18-p.m.jpeg 650w\" sizes=\"(max-width: 300px) 100vw, 300px\" \/><\/div>\n\t\t<\/a>\n\t\t\t\t<div class=\"elementor-post__text\">\n\t\t\t\t<h3 class=\"elementor-post__title\">\n\t\t\t<a href=\"https:\/\/laagendaenred.mx\/?p=7172\" >\n\t\t\t\tEl efectivo bajo amenaza: una medida cr\u00edtica y anticonstitucional\t\t\t<\/a>\n\t\t<\/h3>\n\t\t\t\t<div class=\"elementor-post__excerpt\">\n\t\t\t<p>La reciente intenci\u00f3n del gobierno de imponer el pago obligatorio con tarjeta en gasolineras y casetas de peaje abre un debate jur\u00eddico y ciudadano de gran calado&#8230;<\/p>\n\t\t<\/div>\n\t\t\t\t<\/div>\n\t\t\t\t<\/article>\n\t\t\t\t<article class=\"elementor-post elementor-grid-item post-7157 post type-post status-publish format-standard has-post-thumbnail hentry category-opinion\" role=\"listitem\">\n\t\t\t\t<a class=\"elementor-post__thumbnail__link\" href=\"https:\/\/laagendaenred.mx\/?p=7157\" tabindex=\"-1\" >\n\t\t\t<div class=\"elementor-post__thumbnail\"><img decoding=\"async\" width=\"300\" height=\"200\" src=\"https:\/\/laagendaenred.mx\/wp-content\/uploads\/2026\/04\/WhatsApp-Image-2026-04-09-at-8.03.24-p.m-300x200.jpeg\" class=\"attachment-medium size-medium wp-image-7158\" alt=\"\" srcset=\"https:\/\/laagendaenred.mx\/wp-content\/uploads\/2026\/04\/WhatsApp-Image-2026-04-09-at-8.03.24-p.m-300x200.jpeg 300w, https:\/\/laagendaenred.mx\/wp-content\/uploads\/2026\/04\/WhatsApp-Image-2026-04-09-at-8.03.24-p.m-768x513.jpeg 768w, https:\/\/laagendaenred.mx\/wp-content\/uploads\/2026\/04\/WhatsApp-Image-2026-04-09-at-8.03.24-p.m.jpeg 956w\" sizes=\"(max-width: 300px) 100vw, 300px\" \/><\/div>\n\t\t<\/a>\n\t\t\t\t<div class=\"elementor-post__text\">\n\t\t\t\t<h3 class=\"elementor-post__title\">\n\t\t\t<a href=\"https:\/\/laagendaenred.mx\/?p=7157\" >\n\t\t\t\tEnerg\u00eda solar en las escuelas p\u00fablicas: la inversi\u00f3n del futuro.\t\t\t<\/a>\n\t\t<\/h3>\n\t\t\t\t<div class=\"elementor-post__excerpt\">\n\t\t\t<p>La transici\u00f3n energ\u00e9tica no es un lujo, es una urgencia. M\u00e9xico sigue dependiendo del petr\u00f3leo y de tarifas el\u00e9ctricas cada vez m\u00e1s altas&#8230;<\/p>\n\t\t<\/div>\n\t\t\t\t<\/div>\n\t\t\t\t<\/article>\n\t\t\t\t<\/div>\n\t\t\n\t\t\t\t\t\t<\/div>\n\t\t\t\t<\/div>\n\t\t\t\t<\/div>\n\t\t\t\t\t<\/div>\n\t\t\t\t<\/div>\n\t\t<div class=\"elementor-element elementor-element-763afa0c e-flex e-con-boxed e-con e-parent\" data-id=\"763afa0c\" data-element_type=\"container\" data-e-type=\"container\">\n\t\t\t\t\t<div class=\"e-con-inner\">\n\t\t\t\t<div class=\"elementor-element elementor-element-f173ce6 elementor-post-navigation-borders-yes elementor-widget elementor-widget-post-navigation\" data-id=\"f173ce6\" data-element_type=\"widget\" data-e-type=\"widget\" data-widget_type=\"post-navigation.default\">\n\t\t\t\t\t\t\t<div class=\"elementor-post-navigation\" role=\"navigation\" aria-label=\"Navegaci\u00f3n de la entrada\">\n\t\t\t<div class=\"elementor-post-navigation__prev elementor-post-navigation__link\">\n\t\t\t\t<a href=\"https:\/\/laagendaenred.mx\/?p=7147\" rel=\"prev\"><span class=\"post-navigation__arrow-wrapper post-navigation__arrow-prev\"><svg aria-hidden=\"true\" class=\"e-font-icon-svg e-fas-angle-left\" viewBox=\"0 0 256 512\" xmlns=\"http:\/\/www.w3.org\/2000\/svg\"><path d=\"M31.7 239l136-136c9.4-9.4 24.6-9.4 33.9 0l22.6 22.6c9.4 9.4 9.4 24.6 0 33.9L127.9 256l96.4 96.4c9.4 9.4 9.4 24.6 0 33.9L201.7 409c-9.4 9.4-24.6 9.4-33.9 0l-136-136c-9.5-9.4-9.5-24.6-.1-34z\"><\/path><\/svg><span class=\"elementor-screen-only\">Ant<\/span><\/span><span class=\"elementor-post-navigation__link__prev\"><span class=\"post-navigation__prev--label\">Previous<\/span><span class=\"post-navigation__prev--title\">Con Morena vivimos la austeridad m\u00e1s cara de la historia<\/span><\/span><\/a>\t\t\t<\/div>\n\t\t\t\t\t\t\t<div class=\"elementor-post-navigation__separator-wrapper\">\n\t\t\t\t\t<div class=\"elementor-post-navigation__separator\"><\/div>\n\t\t\t\t<\/div>\n\t\t\t\t\t\t<div class=\"elementor-post-navigation__next elementor-post-navigation__link\">\n\t\t\t\t<a href=\"https:\/\/laagendaenred.mx\/?p=7172\" rel=\"next\"><span class=\"elementor-post-navigation__link__next\"><span class=\"post-navigation__next--label\">Next<\/span><span class=\"post-navigation__next--title\">El efectivo bajo amenaza: una medida cr\u00edtica y anticonstitucional<\/span><\/span><span class=\"post-navigation__arrow-wrapper post-navigation__arrow-next\"><svg aria-hidden=\"true\" class=\"e-font-icon-svg e-fas-angle-right\" viewBox=\"0 0 256 512\" xmlns=\"http:\/\/www.w3.org\/2000\/svg\"><path d=\"M224.3 273l-136 136c-9.4 9.4-24.6 9.4-33.9 0l-22.6-22.6c-9.4-9.4-9.4-24.6 0-33.9l96.4-96.4-96.4-96.4c-9.4-9.4-9.4-24.6 0-33.9L54.3 103c9.4-9.4 24.6-9.4 33.9 0l136 136c9.5 9.4 9.5 24.6.1 34z\"><\/path><\/svg><span class=\"elementor-screen-only\">Siguiente<\/span><\/span><\/a>\t\t\t<\/div>\n\t\t<\/div>\n\t\t\t\t\t\t<\/div>\n\t\t\t\t\t<\/div>\n\t\t\t\t<\/div>\n\t\t\t\t<\/div>\n\t\t","protected":false},"excerpt":{"rendered":"<p>El derrame en el Golfo no fue un fen\u00f3meno natural ni un evento inesperado. Desde febrero exist\u00edan im\u00e1genes satelitales que mostraban&#8230;<\/p>\n","protected":false},"author":1,"featured_media":7096,"comment_status":"open","ping_status":"closed","sticky":false,"template":"elementor_header_footer","format":"standard","meta":{"footnotes":""},"categories":[16],"tags":[],"ppma_author":[10],"class_list":["post-7093","post","type-post","status-publish","format-standard","has-post-thumbnail","hentry","category-opinion"],"authors":[{"term_id":10,"user_id":1,"is_guest":0,"slug":"admin","display_name":"Humberto Iduarte","avatar_url":{"url":"https:\/\/laagendaenred.mx\/wp-content\/uploads\/2025\/10\/Humber-Iduarte.jpeg","url2x":"https:\/\/laagendaenred.mx\/wp-content\/uploads\/2025\/10\/Humber-Iduarte.jpeg"},"0":null,"1":"","2":"","3":"","4":"","5":"","6":"","7":"","8":""}],"_links":{"self":[{"href":"https:\/\/laagendaenred.mx\/index.php?rest_route=\/wp\/v2\/posts\/7093","targetHints":{"allow":["GET"]}}],"collection":[{"href":"https:\/\/laagendaenred.mx\/index.php?rest_route=\/wp\/v2\/posts"}],"about":[{"href":"https:\/\/laagendaenred.mx\/index.php?rest_route=\/wp\/v2\/types\/post"}],"author":[{"embeddable":true,"href":"https:\/\/laagendaenred.mx\/index.php?rest_route=\/wp\/v2\/users\/1"}],"replies":[{"embeddable":true,"href":"https:\/\/laagendaenred.mx\/index.php?rest_route=%2Fwp%2Fv2%2Fcomments&post=7093"}],"version-history":[{"count":4,"href":"https:\/\/laagendaenred.mx\/index.php?rest_route=\/wp\/v2\/posts\/7093\/revisions"}],"predecessor-version":[{"id":7100,"href":"https:\/\/laagendaenred.mx\/index.php?rest_route=\/wp\/v2\/posts\/7093\/revisions\/7100"}],"wp:featuredmedia":[{"embeddable":true,"href":"https:\/\/laagendaenred.mx\/index.php?rest_route=\/wp\/v2\/media\/7096"}],"wp:attachment":[{"href":"https:\/\/laagendaenred.mx\/index.php?rest_route=%2Fwp%2Fv2%2Fmedia&parent=7093"}],"wp:term":[{"taxonomy":"category","embeddable":true,"href":"https:\/\/laagendaenred.mx\/index.php?rest_route=%2Fwp%2Fv2%2Fcategories&post=7093"},{"taxonomy":"post_tag","embeddable":true,"href":"https:\/\/laagendaenred.mx\/index.php?rest_route=%2Fwp%2Fv2%2Ftags&post=7093"},{"taxonomy":"author","embeddable":true,"href":"https:\/\/laagendaenred.mx\/index.php?rest_route=%2Fwp%2Fv2%2Fppma_author&post=7093"}],"curies":[{"name":"wp","href":"https:\/\/api.w.org\/{rel}","templated":true}]}}