{"id":7127,"date":"2026-04-07T10:30:54","date_gmt":"2026-04-07T16:30:54","guid":{"rendered":"https:\/\/laagendaenred.mx\/?p=7127"},"modified":"2026-04-07T10:38:34","modified_gmt":"2026-04-07T16:38:34","slug":"la-salud-en-terapia-intensiva","status":"publish","type":"post","link":"https:\/\/laagendaenred.mx\/?p=7127","title":{"rendered":"La salud en terapia intensiva"},"content":{"rendered":"\t\t<div data-elementor-type=\"wp-post\" data-elementor-id=\"7127\" class=\"elementor elementor-7127\" data-elementor-post-type=\"post\">\n\t\t\t\t<div class=\"elementor-element elementor-element-5a5adca4 e-flex e-con-boxed e-con e-parent\" data-id=\"5a5adca4\" data-element_type=\"container\" data-e-type=\"container\" data-settings=\"{&quot;background_background&quot;:&quot;classic&quot;}\">\n\t\t\t\t\t<div class=\"e-con-inner\">\n\t\t\t\t<div class=\"elementor-element elementor-element-5bf511dd elementor-widget elementor-widget-theme-post-title elementor-page-title elementor-widget-heading\" data-id=\"5bf511dd\" data-element_type=\"widget\" data-e-type=\"widget\" data-widget_type=\"theme-post-title.default\">\n\t\t\t\t\t<h1 class=\"elementor-heading-title elementor-size-default\">La salud en terapia intensiva<\/h1>\t\t\t\t<\/div>\n\t\t\t\t\t<\/div>\n\t\t\t\t<\/div>\n\t\t<div class=\"elementor-element elementor-element-13919957 e-flex e-con-boxed e-con e-parent\" data-id=\"13919957\" data-element_type=\"container\" data-e-type=\"container\">\n\t\t\t\t\t<div class=\"e-con-inner\">\n\t\t<div class=\"elementor-element elementor-element-596c73e e-con-full e-flex e-con e-child\" data-id=\"596c73e\" data-element_type=\"container\" data-e-type=\"container\">\n\t\t\t\t<div class=\"elementor-element elementor-element-2ec2137a elementor-align-left elementor-widget elementor-widget-post-info\" data-id=\"2ec2137a\" data-element_type=\"widget\" data-e-type=\"widget\" data-widget_type=\"post-info.default\">\n\t\t\t\t\t\t\t<ul class=\"elementor-inline-items elementor-icon-list-items elementor-post-info\">\n\t\t\t\t\t\t\t\t<li class=\"elementor-icon-list-item elementor-repeater-item-fde9fb9 elementor-inline-item\" itemprop=\"datePublished\">\n\t\t\t\t\t\t<a href=\"https:\/\/laagendaenred.mx\/?m=20260407\">\n\t\t\t\t\t\t\t\t\t\t\t\t\t\t<span class=\"elementor-icon-list-text elementor-post-info__item elementor-post-info__item--type-date\">\n\t\t\t\t\t\t\t\t\t\t<time>abril 7, 2026<\/time>\t\t\t\t\t<\/span>\n\t\t\t\t\t\t\t\t\t<\/a>\n\t\t\t\t<\/li>\n\t\t\t\t<li class=\"elementor-icon-list-item elementor-repeater-item-f7bd4a7 elementor-inline-item\">\n\t\t\t\t\t\t\t\t\t\t\t\t\t<span class=\"elementor-icon-list-text elementor-post-info__item elementor-post-info__item--type-custom\">\n\t\t\t\t\t\t\t\t\t\tAlejandro V\u00e1zquez C\u00e1rdenas \/Etcetera  \t\t\t\t\t<\/span>\n\t\t\t\t\t\t\t\t<\/li>\n\t\t\t\t<\/ul>\n\t\t\t\t\t\t<\/div>\n\t\t\t\t<div class=\"elementor-element elementor-element-1ae08917 elementor-widget elementor-widget-theme-post-featured-image elementor-widget-image\" data-id=\"1ae08917\" data-element_type=\"widget\" data-e-type=\"widget\" data-widget_type=\"theme-post-featured-image.default\">\n\t\t\t\t\t\t\t\t\t\t\t\t\t\t\t<img fetchpriority=\"high\" decoding=\"async\" width=\"800\" height=\"533\" src=\"https:\/\/laagendaenred.mx\/wp-content\/uploads\/2026\/04\/WhatsApp-Image-2026-04-06-at-10.54.39-p.m.jpeg\" class=\"attachment-full size-full wp-image-7129\" alt=\"\" srcset=\"https:\/\/laagendaenred.mx\/wp-content\/uploads\/2026\/04\/WhatsApp-Image-2026-04-06-at-10.54.39-p.m.jpeg 800w, https:\/\/laagendaenred.mx\/wp-content\/uploads\/2026\/04\/WhatsApp-Image-2026-04-06-at-10.54.39-p.m-300x200.jpeg 300w, https:\/\/laagendaenred.mx\/wp-content\/uploads\/2026\/04\/WhatsApp-Image-2026-04-06-at-10.54.39-p.m-768x512.jpeg 768w\" sizes=\"(max-width: 800px) 100vw, 800px\" \/>\t\t\t\t\t\t\t\t\t\t\t\t\t\t\t<\/div>\n\t\t\t\t<div class=\"elementor-element elementor-element-6cf30b86 elementor-widget elementor-widget-text-editor\" data-id=\"6cf30b86\" data-element_type=\"widget\" data-e-type=\"widget\" data-widget_type=\"text-editor.default\">\n\t\t\t\t\t\t\t\t\t<p>Durante a\u00f1os se repiti\u00f3 una promesa que result\u00f3 una cruel y humillante consigna propagand\u00edstica, que M\u00e9xico tendr\u00eda un sistema de \u00a0salud \u201ccomo el de Dinamarca\u201d. Aquella frase, pronunciada en el contexto de la llamada Cuarta Transformaci\u00f3n, pretend\u00eda simbolizar la construcci\u00f3n de un sistema universal, eficiente y gratuito. Sin embargo, la realidad cotidiana dista mucho de ese ideal. Hoy el sector salud atraviesa uno de los momentos m\u00e1s cr\u00edticos de las \u00faltimas d\u00e9cadas, y el deterioro institucional comienza a reflejarse incluso en un indicador fundamental, la esperanza de vida.<br \/>Los s\u00edntomas de esta crisis son visibles para cualquier ciudadano que haya tenido que recurrir a los servicios p\u00fablicos de salud. Hospitales saturados, servicios de urgencias rebasados, citas m\u00e9dicas programadas a meses de distancia y un persistente desabasto de medicamentos. En muchos casos los pacientes deben recurrir a su propio bolsillo para solventar los costos de su tratamiento.<\/p><p>Las cifras son irrebatibles; M\u00e9xico cuenta con menos m\u00e9dicos, menos camas hospitalarias y menor inversi\u00f3n en salud que la mayor\u00eda de las naciones industrializadas. En otras palabras, el sistema mexicano pretende atender a una poblaci\u00f3n creciente con menos personal, menos infraestructura y menor inversi\u00f3n.<\/p><p>Uno de los episodios m\u00e1s pol\u00e9micos fue la desaparici\u00f3n del Seguro Popular y su sustituci\u00f3n por nuevas estructuras institucionales. El objetivo declarado era construir un modelo m\u00e1s justo y universal, pero el proceso gener\u00f3 una disminuci\u00f3n real en el acceso a servicios m\u00e9dicos. Millones de mexicanos han experimentado dificultades para obtener atenci\u00f3n m\u00e9dica o han visto limitado su acceso efectivo a servicios que antes pod\u00edan obtener con mayor facilidad.<\/p><p>El impacto de estas deficiencias no es abstracto. Se manifiesta en la vida diaria de pacientes que esperan tratamientos oncol\u00f3gicos que no llegan, de enfermos cr\u00f3nicos que no encuentran sus medicamentos o de familias que deben pagar intervenciones m\u00e9dicas con recursos propios. Cuando un sistema sanitario deja de funcionar de manera adecuada, las consecuencia inevitable es un incremento en mortalidad previsible.<br \/>Pero existe adem\u00e1s otro efecto silencioso que revela la magnitud del problema; el creciente desplazamiento de pacientes hacia el sector privado. <br \/>Ante la imposibilidad de obtener atenci\u00f3n oportuna en el sistema p\u00fablico, un n\u00famero cada vez mayor de mexicanos recurre a consultorios particulares y hospitales privados de bajo costo. Lo que deber\u00eda ser una opci\u00f3n se ha convertido, para muchos, en una imperiosa necesidad.<br \/>Literatura m\u00e9dica y bibliograf\u00eda<\/p><p>Este fen\u00f3meno tiene consecuencias severas. Por un lado, genera un incremento significativo en el gasto de bolsillo de las familias, especialmente entre los sectores de ingresos medios y bajos. Por otro, produce una paradoja preocupante; mientras el sistema p\u00fablico se debilita, el sector privado absorbe una demanda creciente, ampliando las desigualdades en el acceso a la salud. Quien puede pagar recibe atenci\u00f3n; quien no puede queda atrapado en las largas filas de un desastroso y funesto sistema saturado.<\/p><p>M\u00e9xico registra niveles elevados de mortalidad por enfermedades que, en muchos casos, podr\u00edan prevenirse o tratarse oportunamente. Enfermedades cardiovasculares, diabetes y padecimientos respiratorios contin\u00faan siendo algunas de las principales causas de muerte en el pa\u00eds. La pandemia de COVID-19 dej\u00f3 al descubierto la fragilidad del sistema sanitario. Pero la crisis actual no puede explicarse \u00fanicamente por ese episodio global. Lo que hoy se observa es la acumulaci\u00f3n de a\u00f1os de decisiones administrativas err\u00e1ticas, criminal demagogia, insuficiente planeaci\u00f3n y una enorme brecha entre el discurso \u00a0pol\u00edtico y la capacidad real de implementaci\u00f3n.<br \/>Servicios e instalaciones m\u00e9dicas<\/p><p>En cualquier sociedad moderna, el sistema de salud constituye uno de los pilares fundamentales del bienestar colectivo. No se trata solo de hospitales y m\u00e9dicos; se trata de la capacidad de un Estado para proteger la vida de sus ciudadanos. Cuando ese sistema falla, las consecuencias son catastr\u00f3ficas.<\/p><p>M\u00e9xico enfrenta hoy una paradoja inquietante. Mientras el discurso oficial insiste en presentar reconfortantes cifras imaginarias, delirantes, la percepci\u00f3n ciudadana y numerosos indicadores apuntan hacia un deterioro progresivo. Recuperar la funcionalidad del sistema de salud no ser\u00e1 tarea sencilla: requerir\u00e1 inversi\u00f3n sostenida, reconstrucci\u00f3n institucional y, sobre todo, una pol\u00edtica p\u00fablica basada en evidencia y no en dogmas ideol\u00f3gicos.<\/p><p>La \u00a0salud de una naci\u00f3n no se mide en palabras, sino en a\u00f1os de vida. Y esos a\u00f1os, en el M\u00e9xico de hoy, est\u00e1n disminuyendo.<\/p>\t\t\t\t\t\t\t\t<\/div>\n\t\t\t\t<\/div>\n\t\t<div class=\"elementor-element elementor-element-7fdc4b9f e-con-full e-flex e-con e-child\" data-id=\"7fdc4b9f\" data-element_type=\"container\" data-e-type=\"container\">\n\t\t\t\t<div class=\"elementor-element elementor-element-73e62c3a elementor-widget elementor-widget-heading\" data-id=\"73e62c3a\" data-element_type=\"widget\" data-e-type=\"widget\" data-widget_type=\"heading.default\">\n\t\t\t\t\t<h2 class=\"elementor-heading-title elementor-size-default\">Compartir:<\/h2>\t\t\t\t<\/div>\n\t\t\t\t<div class=\"elementor-element elementor-element-3bb6aca7 elementor-share-buttons--view-icon elementor-share-buttons--skin-gradient elementor-share-buttons--shape-square elementor-grid-0 elementor-share-buttons--color-official elementor-widget elementor-widget-share-buttons\" data-id=\"3bb6aca7\" data-element_type=\"widget\" data-e-type=\"widget\" data-widget_type=\"share-buttons.default\">\n\t\t\t\t\t\t\t<div class=\"elementor-grid\" role=\"list\">\n\t\t\t\t\t\t\t\t<div class=\"elementor-grid-item\" role=\"listitem\">\n\t\t\t\t\t\t<div class=\"elementor-share-btn elementor-share-btn_facebook\" role=\"button\" tabindex=\"0\" aria-label=\"Compartir en facebook\">\n\t\t\t\t\t\t\t\t\t\t\t\t\t\t\t<span class=\"elementor-share-btn__icon\">\n\t\t\t\t\t\t\t\t<svg aria-hidden=\"true\" class=\"e-font-icon-svg e-fab-facebook\" viewBox=\"0 0 512 512\" xmlns=\"http:\/\/www.w3.org\/2000\/svg\"><path d=\"M504 256C504 119 393 8 256 8S8 119 8 256c0 123.78 90.69 226.38 209.25 245V327.69h-63V256h63v-54.64c0-62.15 37-96.48 93.67-96.48 27.14 0 55.52 4.84 55.52 4.84v61h-31.28c-30.8 0-40.41 19.12-40.41 38.73V256h68.78l-11 71.69h-57.78V501C413.31 482.38 504 379.78 504 256z\"><\/path><\/svg>\t\t\t\t\t\t\t<\/span>\n\t\t\t\t\t\t\t\t\t\t\t\t\t\t\t\t\t\t\t\t<\/div>\n\t\t\t\t\t<\/div>\n\t\t\t\t\t\t\t\t\t<div class=\"elementor-grid-item\" role=\"listitem\">\n\t\t\t\t\t\t<div class=\"elementor-share-btn elementor-share-btn_x-twitter\" role=\"button\" tabindex=\"0\" aria-label=\"Compartir en x-twitter\">\n\t\t\t\t\t\t\t\t\t\t\t\t\t\t\t<span class=\"elementor-share-btn__icon\">\n\t\t\t\t\t\t\t\t<svg aria-hidden=\"true\" class=\"e-font-icon-svg e-fab-x-twitter\" viewBox=\"0 0 512 512\" xmlns=\"http:\/\/www.w3.org\/2000\/svg\"><path d=\"M389.2 48h70.6L305.6 224.2 487 464H345L233.7 318.6 106.5 464H35.8L200.7 275.5 26.8 48H172.4L272.9 180.9 389.2 48zM364.4 421.8h39.1L151.1 88h-42L364.4 421.8z\"><\/path><\/svg>\t\t\t\t\t\t\t<\/span>\n\t\t\t\t\t\t\t\t\t\t\t\t\t\t\t\t\t\t\t\t<\/div>\n\t\t\t\t\t<\/div>\n\t\t\t\t\t\t\t\t\t<div class=\"elementor-grid-item\" role=\"listitem\">\n\t\t\t\t\t\t<div class=\"elementor-share-btn elementor-share-btn_linkedin\" role=\"button\" tabindex=\"0\" aria-label=\"Compartir en linkedin\">\n\t\t\t\t\t\t\t\t\t\t\t\t\t\t\t<span class=\"elementor-share-btn__icon\">\n\t\t\t\t\t\t\t\t<svg aria-hidden=\"true\" class=\"e-font-icon-svg e-fab-linkedin\" viewBox=\"0 0 448 512\" xmlns=\"http:\/\/www.w3.org\/2000\/svg\"><path d=\"M416 32H31.9C14.3 32 0 46.5 0 64.3v383.4C0 465.5 14.3 480 31.9 480H416c17.6 0 32-14.5 32-32.3V64.3c0-17.8-14.4-32.3-32-32.3zM135.4 416H69V202.2h66.5V416zm-33.2-243c-21.3 0-38.5-17.3-38.5-38.5S80.9 96 102.2 96c21.2 0 38.5 17.3 38.5 38.5 0 21.3-17.2 38.5-38.5 38.5zm282.1 243h-66.4V312c0-24.8-.5-56.7-34.5-56.7-34.6 0-39.9 27-39.9 54.9V416h-66.4V202.2h63.7v29.2h.9c8.9-16.8 30.6-34.5 62.9-34.5 67.2 0 79.7 44.3 79.7 101.9V416z\"><\/path><\/svg>\t\t\t\t\t\t\t<\/span>\n\t\t\t\t\t\t\t\t\t\t\t\t\t\t\t\t\t\t\t\t<\/div>\n\t\t\t\t\t<\/div>\n\t\t\t\t\t\t<\/div>\n\t\t\t\t\t\t<\/div>\n\t\t\t\t<div class=\"elementor-element elementor-element-68457ecf elementor-widget elementor-widget-heading\" data-id=\"68457ecf\" data-element_type=\"widget\" data-e-type=\"widget\" data-widget_type=\"heading.default\">\n\t\t\t\t\t<h2 class=\"elementor-heading-title elementor-size-default\">Te puede interesar:<\/h2>\t\t\t\t<\/div>\n\t\t\t\t<div class=\"elementor-element elementor-element-13699d15 elementor-grid-1 elementor-posts--thumbnail-left elementor-grid-tablet-2 elementor-grid-mobile-1 elementor-widget elementor-widget-posts\" data-id=\"13699d15\" data-element_type=\"widget\" data-e-type=\"widget\" data-settings=\"{&quot;classic_columns&quot;:&quot;1&quot;,&quot;classic_columns_tablet&quot;:&quot;2&quot;,&quot;classic_columns_mobile&quot;:&quot;1&quot;,&quot;classic_row_gap&quot;:{&quot;unit&quot;:&quot;px&quot;,&quot;size&quot;:35,&quot;sizes&quot;:[]},&quot;classic_row_gap_tablet&quot;:{&quot;unit&quot;:&quot;px&quot;,&quot;size&quot;:&quot;&quot;,&quot;sizes&quot;:[]},&quot;classic_row_gap_mobile&quot;:{&quot;unit&quot;:&quot;px&quot;,&quot;size&quot;:&quot;&quot;,&quot;sizes&quot;:[]}}\" data-widget_type=\"posts.classic\">\n\t\t\t\t<div class=\"elementor-widget-container\">\n\t\t\t\t\t\t\t<div class=\"elementor-posts-container elementor-posts elementor-posts--skin-classic elementor-grid\" role=\"list\">\n\t\t\t\t<article class=\"elementor-post elementor-grid-item post-7172 post type-post status-publish format-standard has-post-thumbnail hentry category-columna\" role=\"listitem\">\n\t\t\t\t<a class=\"elementor-post__thumbnail__link\" href=\"https:\/\/laagendaenred.mx\/?p=7172\" tabindex=\"-1\" >\n\t\t\t<div class=\"elementor-post__thumbnail\"><img decoding=\"async\" width=\"300\" height=\"225\" src=\"https:\/\/laagendaenred.mx\/wp-content\/uploads\/2026\/04\/WhatsApp-Image-2026-04-22-at-8.46.18-p.m-300x225.jpeg\" class=\"attachment-medium size-medium wp-image-7173\" alt=\"\" srcset=\"https:\/\/laagendaenred.mx\/wp-content\/uploads\/2026\/04\/WhatsApp-Image-2026-04-22-at-8.46.18-p.m-300x225.jpeg 300w, https:\/\/laagendaenred.mx\/wp-content\/uploads\/2026\/04\/WhatsApp-Image-2026-04-22-at-8.46.18-p.m.jpeg 650w\" sizes=\"(max-width: 300px) 100vw, 300px\" \/><\/div>\n\t\t<\/a>\n\t\t\t\t<div class=\"elementor-post__text\">\n\t\t\t\t<h3 class=\"elementor-post__title\">\n\t\t\t<a href=\"https:\/\/laagendaenred.mx\/?p=7172\" >\n\t\t\t\tEl efectivo bajo amenaza: una medida cr\u00edtica y anticonstitucional\t\t\t<\/a>\n\t\t<\/h3>\n\t\t\t\t<div class=\"elementor-post__excerpt\">\n\t\t\t<p>La reciente intenci\u00f3n del gobierno de imponer el pago obligatorio con tarjeta en gasolineras y casetas de peaje abre un debate jur\u00eddico y ciudadano de gran calado&#8230;<\/p>\n\t\t<\/div>\n\t\t\t\t<\/div>\n\t\t\t\t<\/article>\n\t\t\t\t<article class=\"elementor-post elementor-grid-item post-7157 post type-post status-publish format-standard has-post-thumbnail hentry category-opinion\" role=\"listitem\">\n\t\t\t\t<a class=\"elementor-post__thumbnail__link\" href=\"https:\/\/laagendaenred.mx\/?p=7157\" tabindex=\"-1\" >\n\t\t\t<div class=\"elementor-post__thumbnail\"><img decoding=\"async\" width=\"300\" height=\"200\" src=\"https:\/\/laagendaenred.mx\/wp-content\/uploads\/2026\/04\/WhatsApp-Image-2026-04-09-at-8.03.24-p.m-300x200.jpeg\" class=\"attachment-medium size-medium wp-image-7158\" alt=\"\" srcset=\"https:\/\/laagendaenred.mx\/wp-content\/uploads\/2026\/04\/WhatsApp-Image-2026-04-09-at-8.03.24-p.m-300x200.jpeg 300w, https:\/\/laagendaenred.mx\/wp-content\/uploads\/2026\/04\/WhatsApp-Image-2026-04-09-at-8.03.24-p.m-768x513.jpeg 768w, https:\/\/laagendaenred.mx\/wp-content\/uploads\/2026\/04\/WhatsApp-Image-2026-04-09-at-8.03.24-p.m.jpeg 956w\" sizes=\"(max-width: 300px) 100vw, 300px\" \/><\/div>\n\t\t<\/a>\n\t\t\t\t<div class=\"elementor-post__text\">\n\t\t\t\t<h3 class=\"elementor-post__title\">\n\t\t\t<a href=\"https:\/\/laagendaenred.mx\/?p=7157\" >\n\t\t\t\tEnerg\u00eda solar en las escuelas p\u00fablicas: la inversi\u00f3n del futuro.\t\t\t<\/a>\n\t\t<\/h3>\n\t\t\t\t<div class=\"elementor-post__excerpt\">\n\t\t\t<p>La transici\u00f3n energ\u00e9tica no es un lujo, es una urgencia. M\u00e9xico sigue dependiendo del petr\u00f3leo y de tarifas el\u00e9ctricas cada vez m\u00e1s altas&#8230;<\/p>\n\t\t<\/div>\n\t\t\t\t<\/div>\n\t\t\t\t<\/article>\n\t\t\t\t<\/div>\n\t\t\n\t\t\t\t\t\t<\/div>\n\t\t\t\t<\/div>\n\t\t\t\t<\/div>\n\t\t\t\t\t<\/div>\n\t\t\t\t<\/div>\n\t\t<div class=\"elementor-element elementor-element-12a9d7a2 e-flex e-con-boxed e-con e-parent\" data-id=\"12a9d7a2\" data-element_type=\"container\" data-e-type=\"container\">\n\t\t\t\t\t<div class=\"e-con-inner\">\n\t\t\t\t<div class=\"elementor-element elementor-element-1599a799 elementor-post-navigation-borders-yes elementor-widget elementor-widget-post-navigation\" data-id=\"1599a799\" data-element_type=\"widget\" data-e-type=\"widget\" data-widget_type=\"post-navigation.default\">\n\t\t\t\t\t\t\t<div class=\"elementor-post-navigation\" role=\"navigation\" aria-label=\"Navegaci\u00f3n de la entrada\">\n\t\t\t<div class=\"elementor-post-navigation__prev elementor-post-navigation__link\">\n\t\t\t\t<a href=\"https:\/\/laagendaenred.mx\/?p=7147\" rel=\"prev\"><span class=\"post-navigation__arrow-wrapper post-navigation__arrow-prev\"><svg aria-hidden=\"true\" class=\"e-font-icon-svg e-fas-angle-left\" viewBox=\"0 0 256 512\" xmlns=\"http:\/\/www.w3.org\/2000\/svg\"><path d=\"M31.7 239l136-136c9.4-9.4 24.6-9.4 33.9 0l22.6 22.6c9.4 9.4 9.4 24.6 0 33.9L127.9 256l96.4 96.4c9.4 9.4 9.4 24.6 0 33.9L201.7 409c-9.4 9.4-24.6 9.4-33.9 0l-136-136c-9.5-9.4-9.5-24.6-.1-34z\"><\/path><\/svg><span class=\"elementor-screen-only\">Ant<\/span><\/span><span class=\"elementor-post-navigation__link__prev\"><span class=\"post-navigation__prev--label\">Previous<\/span><span class=\"post-navigation__prev--title\">Con Morena vivimos la austeridad m\u00e1s cara de la historia<\/span><\/span><\/a>\t\t\t<\/div>\n\t\t\t\t\t\t\t<div class=\"elementor-post-navigation__separator-wrapper\">\n\t\t\t\t\t<div class=\"elementor-post-navigation__separator\"><\/div>\n\t\t\t\t<\/div>\n\t\t\t\t\t\t<div class=\"elementor-post-navigation__next elementor-post-navigation__link\">\n\t\t\t\t<a href=\"https:\/\/laagendaenred.mx\/?p=7172\" rel=\"next\"><span class=\"elementor-post-navigation__link__next\"><span class=\"post-navigation__next--label\">Next<\/span><span class=\"post-navigation__next--title\">El efectivo bajo amenaza: una medida cr\u00edtica y anticonstitucional<\/span><\/span><span class=\"post-navigation__arrow-wrapper post-navigation__arrow-next\"><svg aria-hidden=\"true\" class=\"e-font-icon-svg e-fas-angle-right\" viewBox=\"0 0 256 512\" xmlns=\"http:\/\/www.w3.org\/2000\/svg\"><path d=\"M224.3 273l-136 136c-9.4 9.4-24.6 9.4-33.9 0l-22.6-22.6c-9.4-9.4-9.4-24.6 0-33.9l96.4-96.4-96.4-96.4c-9.4-9.4-9.4-24.6 0-33.9L54.3 103c9.4-9.4 24.6-9.4 33.9 0l136 136c9.5 9.4 9.5 24.6.1 34z\"><\/path><\/svg><span class=\"elementor-screen-only\">Siguiente<\/span><\/span><\/a>\t\t\t<\/div>\n\t\t<\/div>\n\t\t\t\t\t\t<\/div>\n\t\t\t\t\t<\/div>\n\t\t\t\t<\/div>\n\t\t\t\t<\/div>\n\t\t","protected":false},"excerpt":{"rendered":"<p>Durante a\u00f1os se repiti\u00f3 una promesa que result\u00f3 una cruel y humillante consigna propagand\u00edstica, que M\u00e9xico tendr\u00eda un sistema de \u00a0salud&#8230;<\/p>\n","protected":false},"author":1,"featured_media":7129,"comment_status":"open","ping_status":"closed","sticky":false,"template":"elementor_header_footer","format":"standard","meta":{"footnotes":""},"categories":[16],"tags":[],"ppma_author":[10],"class_list":["post-7127","post","type-post","status-publish","format-standard","has-post-thumbnail","hentry","category-opinion"],"authors":[{"term_id":10,"user_id":1,"is_guest":0,"slug":"admin","display_name":"Humberto Iduarte","avatar_url":{"url":"https:\/\/laagendaenred.mx\/wp-content\/uploads\/2025\/10\/Humber-Iduarte.jpeg","url2x":"https:\/\/laagendaenred.mx\/wp-content\/uploads\/2025\/10\/Humber-Iduarte.jpeg"},"0":null,"1":"","2":"","3":"","4":"","5":"","6":"","7":"","8":""}],"_links":{"self":[{"href":"https:\/\/laagendaenred.mx\/index.php?rest_route=\/wp\/v2\/posts\/7127","targetHints":{"allow":["GET"]}}],"collection":[{"href":"https:\/\/laagendaenred.mx\/index.php?rest_route=\/wp\/v2\/posts"}],"about":[{"href":"https:\/\/laagendaenred.mx\/index.php?rest_route=\/wp\/v2\/types\/post"}],"author":[{"embeddable":true,"href":"https:\/\/laagendaenred.mx\/index.php?rest_route=\/wp\/v2\/users\/1"}],"replies":[{"embeddable":true,"href":"https:\/\/laagendaenred.mx\/index.php?rest_route=%2Fwp%2Fv2%2Fcomments&post=7127"}],"version-history":[{"count":4,"href":"https:\/\/laagendaenred.mx\/index.php?rest_route=\/wp\/v2\/posts\/7127\/revisions"}],"predecessor-version":[{"id":7133,"href":"https:\/\/laagendaenred.mx\/index.php?rest_route=\/wp\/v2\/posts\/7127\/revisions\/7133"}],"wp:featuredmedia":[{"embeddable":true,"href":"https:\/\/laagendaenred.mx\/index.php?rest_route=\/wp\/v2\/media\/7129"}],"wp:attachment":[{"href":"https:\/\/laagendaenred.mx\/index.php?rest_route=%2Fwp%2Fv2%2Fmedia&parent=7127"}],"wp:term":[{"taxonomy":"category","embeddable":true,"href":"https:\/\/laagendaenred.mx\/index.php?rest_route=%2Fwp%2Fv2%2Fcategories&post=7127"},{"taxonomy":"post_tag","embeddable":true,"href":"https:\/\/laagendaenred.mx\/index.php?rest_route=%2Fwp%2Fv2%2Ftags&post=7127"},{"taxonomy":"author","embeddable":true,"href":"https:\/\/laagendaenred.mx\/index.php?rest_route=%2Fwp%2Fv2%2Fppma_author&post=7127"}],"curies":[{"name":"wp","href":"https:\/\/api.w.org\/{rel}","templated":true}]}}